{"id":30068,"date":"2021-06-25T20:49:44","date_gmt":"2021-06-25T20:49:44","guid":{"rendered":"http:\/\/shushufindi.gob.ec\/portal\/?p=23241"},"modified":"2021-06-25T20:49:44","modified_gmt":"2021-06-25T20:49:44","slug":"invitacion-a-rendicion-de-cuentas-2020","status":"publish","type":"post","link":"https:\/\/shushufindi.gob.ec\/sitio\/2021\/06\/25\/invitacion-a-rendicion-de-cuentas-2020\/","title":{"rendered":"INVITACI\u00d3N A RENDICI\u00d3N DE CUENTAS 2020"},"content":{"rendered":"\n<div class=\"kvgmc6g5 cxmmr5t8 oygrvhab hcukyx3x c1et5uql ii04i59q\">\n<div dir=\"auto\"><span style=\"font-size: 1rem;\">La ingeniera Esperanza Torres, en calidad de alcaldesa del cant\u00f3n Shushufindi INVITA a la deliberaci\u00f3n p\u00fablica de Rendici\u00f3n de Cuentas 2020.<\/span><\/div>\n<\/div>\n<div class=\"o9v6fnle cxmmr5t8 oygrvhab hcukyx3x c1et5uql ii04i59q\">\n<div dir=\"auto\">\u00a0<\/div>\n<\/div>\n<div class=\"o9v6fnle cxmmr5t8 oygrvhab hcukyx3x c1et5uql ii04i59q\">\n<div dir=\"auto\">Estaremos transmitiendo a trav\u00e9s de facebook live en el siguiente enlace;<\/div>\n<div dir=\"auto\"><a class=\"oajrlxb2 g5ia77u1 qu0x051f esr5mh6w e9989ue4 r7d6kgcz rq0escxv nhd2j8a9 nc684nl6 p7hjln8o kvgmc6g5 cxmmr5t8 oygrvhab hcukyx3x jb3vyjys rz4wbd8a qt6c0cv9 a8nywdso i1ao9s8h esuyzwwr f1sip0of lzcic4wl q66pz984 gpro0wi8 b1v8xokw\" tabindex=\"0\" role=\"link\" href=\"https:\/\/www.facebook.com\/Gobierno-Aut%C3%B3nomo-Municipal-de-Shushufindi-103952978018568\/?__cft__[0]=AZWed2CPnDxhx5LFlR_HxvDsJ2xESTTbc32yKWD5_W9nvzbwEVCR2yJzZ-2Q4ase5Tfsn6-j0WE5B5WDZYkV4J-YtUGUowoM0An1CXIHUWMCk4LOBt3mnkt6bxPl5FYbJMYAYE0Ym9cw-GgFGEkQVfowcY7NCW8pshmd6G1ShyBKjw&amp;__tn__=kK-R\"><span class=\"nc684nl6\">https:\/\/www.facebook.com\/Gobierno-Aut%C3%B3nomo-Municipal-de-Shushufindi-103952978018568<\/span><\/a><\/div>\n<div dir=\"auto\">\u00a0<\/div>\n<div dir=\"auto\"><span style=\"font-size: 1rem;\">Mediante la plataforma zoom<\/span><\/div>\n<\/div>\n<div class=\"o9v6fnle cxmmr5t8 oygrvhab hcukyx3x c1et5uql ii04i59q\">\n<div dir=\"auto\"><a class=\"oajrlxb2 g5ia77u1 qu0x051f esr5mh6w e9989ue4 r7d6kgcz rq0escxv nhd2j8a9 nc684nl6 p7hjln8o kvgmc6g5 cxmmr5t8 oygrvhab hcukyx3x jb3vyjys rz4wbd8a qt6c0cv9 a8nywdso i1ao9s8h esuyzwwr f1sip0of lzcic4wl py34i1dx gpro0wi8\" tabindex=\"0\" role=\"link\" href=\"https:\/\/us02web.zoom.us\/j\/84837509260?pwd=cVg0c2lFa25PUXNKM2doQ0hNbGx6Zz09&amp;fbclid=IwAR3MCGn8xNoM_O7Fou81sh4e_kGMhk_04vzic4BjsmiQJvOcqLIt6ZGw7EY\" target=\"_blank\" rel=\"nofollow noopener\">https:\/\/us02web.zoom.us\/j\/84837509260&#8230;<\/a>.<\/div>\n<\/div>\n","protected":false},"excerpt":{"rendered":"La ingeniera Esperanza Torres, en calidad de alcaldesa del cant\u00f3n Shushufindi INVITA a la deliberaci\u00f3n p\u00fablica de Rendici\u00f3n de Cuentas","protected":false},"author":13,"featured_media":29943,"comment_status":"closed","ping_status":"closed","sticky":false,"template":"","format":"aside","meta":{"_monsterinsights_skip_tracking":false,"_monsterinsights_sitenote_active":false,"_monsterinsights_sitenote_note":"","_monsterinsights_sitenote_category":0,"_joinchat":[],"footnotes":""},"categories":[3],"tags":[],"class_list":["post-30068","post","type-post","status-publish","format-aside","has-post-thumbnail","hentry","category-noticias","post_format-post-format-aside"],"yoast_head":"<!-- This site is optimized with the Yoast SEO plugin v25.8 - https:\/\/yoast.com\/wordpress\/plugins\/seo\/ -->\n<title>INVITACI\u00d3N A RENDICI\u00d3N DE CUENTAS 2020 - Municipio del Cant\u00f3n Shushufindi<\/title>\n<meta name=\"robots\" content=\"index, follow, max-snippet:-1, max-image-preview:large, max-video-preview:-1\" \/>\n<link rel=\"canonical\" href=\"https:\/\/shushufindi.gob.ec\/sitio\/2021\/06\/25\/invitacion-a-rendicion-de-cuentas-2020\/\" \/>\n<meta property=\"og:locale\" content=\"es_ES\" \/>\n<meta property=\"og:type\" content=\"article\" \/>\n<meta property=\"og:title\" content=\"INVITACI\u00d3N A RENDICI\u00d3N DE CUENTAS 2020 - Municipio del Cant\u00f3n Shushufindi\" \/>\n<meta property=\"og:url\" content=\"https:\/\/shushufindi.gob.ec\/sitio\/2021\/06\/25\/invitacion-a-rendicion-de-cuentas-2020\/\" \/>\n<meta property=\"og:site_name\" content=\"Municipio del Cant\u00f3n Shushufindi\" \/>\n<meta property=\"article:published_time\" content=\"2021-06-25T20:49:44+00:00\" \/>\n<meta property=\"og:image\" content=\"https:\/\/shushufindi.gob.ec\/sitio\/wp-content\/uploads\/2021\/06\/205732575_922534044977975_3815996137649758254_n.jpeg\" \/>\n\t<meta property=\"og:image:width\" content=\"2048\" \/>\n\t<meta property=\"og:image:height\" content=\"2048\" \/>\n\t<meta property=\"og:image:type\" content=\"image\/jpeg\" \/>\n<meta name=\"author\" content=\"Maria Elizabeth Chamba Loaiza\" \/>\n<meta name=\"twitter:card\" content=\"summary_large_image\" \/>\n<meta name=\"twitter:label1\" content=\"Escrito por\" \/>\n\t<meta name=\"twitter:data1\" content=\"Maria Elizabeth Chamba Loaiza\" \/>\n<script type=\"application\/ld+json\" class=\"yoast-schema-graph\">{\"@context\":\"https:\/\/schema.org\",\"@graph\":[{\"@type\":\"Article\",\"@id\":\"https:\/\/shushufindi.gob.ec\/sitio\/2021\/06\/25\/invitacion-a-rendicion-de-cuentas-2020\/#article\",\"isPartOf\":{\"@id\":\"https:\/\/shushufindi.gob.ec\/sitio\/2021\/06\/25\/invitacion-a-rendicion-de-cuentas-2020\/\"},\"author\":{\"name\":\"Maria Elizabeth Chamba Loaiza\",\"@id\":\"https:\/\/shushufindi.gob.ec\/sitio\/#\/schema\/person\/1a57fc2de5e474707728cf032b0a0811\"},\"headline\":\"INVITACI\u00d3N A RENDICI\u00d3N DE CUENTAS 2020\",\"datePublished\":\"2021-06-25T20:49:44+00:00\",\"mainEntityOfPage\":{\"@id\":\"https:\/\/shushufindi.gob.ec\/sitio\/2021\/06\/25\/invitacion-a-rendicion-de-cuentas-2020\/\"},\"wordCount\":61,\"publisher\":{\"@id\":\"https:\/\/shushufindi.gob.ec\/sitio\/#organization\"},\"image\":{\"@id\":\"https:\/\/shushufindi.gob.ec\/sitio\/2021\/06\/25\/invitacion-a-rendicion-de-cuentas-2020\/#primaryimage\"},\"thumbnailUrl\":\"https:\/\/shushufindi.gob.ec\/sitio\/wp-content\/uploads\/2021\/06\/205732575_922534044977975_3815996137649758254_n.jpeg\",\"articleSection\":[\"NOTICIAS\"],\"inLanguage\":\"es\"},{\"@type\":\"WebPage\",\"@id\":\"https:\/\/shushufindi.gob.ec\/sitio\/2021\/06\/25\/invitacion-a-rendicion-de-cuentas-2020\/\",\"url\":\"https:\/\/shushufindi.gob.ec\/sitio\/2021\/06\/25\/invitacion-a-rendicion-de-cuentas-2020\/\",\"name\":\"INVITACI\u00d3N A RENDICI\u00d3N DE CUENTAS 2020 - Municipio del Cant\u00f3n Shushufindi\",\"isPartOf\":{\"@id\":\"https:\/\/shushufindi.gob.ec\/sitio\/#website\"},\"primaryImageOfPage\":{\"@id\":\"https:\/\/shushufindi.gob.ec\/sitio\/2021\/06\/25\/invitacion-a-rendicion-de-cuentas-2020\/#primaryimage\"},\"image\":{\"@id\":\"https:\/\/shushufindi.gob.ec\/sitio\/2021\/06\/25\/invitacion-a-rendicion-de-cuentas-2020\/#primaryimage\"},\"thumbnailUrl\":\"https:\/\/shushufindi.gob.ec\/sitio\/wp-content\/uploads\/2021\/06\/205732575_922534044977975_3815996137649758254_n.jpeg\",\"datePublished\":\"2021-06-25T20:49:44+00:00\",\"breadcrumb\":{\"@id\":\"https:\/\/shushufindi.gob.ec\/sitio\/2021\/06\/25\/invitacion-a-rendicion-de-cuentas-2020\/#breadcrumb\"},\"inLanguage\":\"es\",\"potentialAction\":[{\"@type\":\"ReadAction\",\"target\":[\"https:\/\/shushufindi.gob.ec\/sitio\/2021\/06\/25\/invitacion-a-rendicion-de-cuentas-2020\/\"]}]},{\"@type\":\"ImageObject\",\"inLanguage\":\"es\",\"@id\":\"https:\/\/shushufindi.gob.ec\/sitio\/2021\/06\/25\/invitacion-a-rendicion-de-cuentas-2020\/#primaryimage\",\"url\":\"https:\/\/shushufindi.gob.ec\/sitio\/wp-content\/uploads\/2021\/06\/205732575_922534044977975_3815996137649758254_n.jpeg\",\"contentUrl\":\"https:\/\/shushufindi.gob.ec\/sitio\/wp-content\/uploads\/2021\/06\/205732575_922534044977975_3815996137649758254_n.jpeg\",\"width\":2048,\"height\":2048},{\"@type\":\"BreadcrumbList\",\"@id\":\"https:\/\/shushufindi.gob.ec\/sitio\/2021\/06\/25\/invitacion-a-rendicion-de-cuentas-2020\/#breadcrumb\",\"itemListElement\":[{\"@type\":\"ListItem\",\"position\":1,\"name\":\"Portada\",\"item\":\"https:\/\/shushufindi.gob.ec\/sitio\/\"},{\"@type\":\"ListItem\",\"position\":2,\"name\":\"INVITACI\u00d3N A RENDICI\u00d3N DE CUENTAS 2020\"}]},{\"@type\":\"WebSite\",\"@id\":\"https:\/\/shushufindi.gob.ec\/sitio\/#website\",\"url\":\"https:\/\/shushufindi.gob.ec\/sitio\/\",\"name\":\"Municipio del Cant\u00f3n Shushufindi\",\"description\":\"GAD Municipal\",\"publisher\":{\"@id\":\"https:\/\/shushufindi.gob.ec\/sitio\/#organization\"},\"potentialAction\":[{\"@type\":\"SearchAction\",\"target\":{\"@type\":\"EntryPoint\",\"urlTemplate\":\"https:\/\/shushufindi.gob.ec\/sitio\/?s={search_term_string}\"},\"query-input\":{\"@type\":\"PropertyValueSpecification\",\"valueRequired\":true,\"valueName\":\"search_term_string\"}}],\"inLanguage\":\"es\"},{\"@type\":\"Organization\",\"@id\":\"https:\/\/shushufindi.gob.ec\/sitio\/#organization\",\"name\":\"Municipio del Cant\u00f3n Shushufindi\",\"url\":\"https:\/\/shushufindi.gob.ec\/sitio\/\",\"logo\":{\"@type\":\"ImageObject\",\"inLanguage\":\"es\",\"@id\":\"https:\/\/shushufindi.gob.ec\/sitio\/#\/schema\/logo\/image\/\",\"url\":\"http:\/\/shushufindi.gob.ec\/sitio\/wp-content\/uploads\/2023\/10\/favicon.jpg\",\"contentUrl\":\"http:\/\/shushufindi.gob.ec\/sitio\/wp-content\/uploads\/2023\/10\/favicon.jpg\",\"width\":100,\"height\":97,\"caption\":\"Municipio del Cant\u00f3n Shushufindi\"},\"image\":{\"@id\":\"https:\/\/shushufindi.gob.ec\/sitio\/#\/schema\/logo\/image\/\"}},{\"@type\":\"Person\",\"@id\":\"https:\/\/shushufindi.gob.ec\/sitio\/#\/schema\/person\/1a57fc2de5e474707728cf032b0a0811\",\"name\":\"Maria Elizabeth Chamba Loaiza\",\"image\":{\"@type\":\"ImageObject\",\"inLanguage\":\"es\",\"@id\":\"https:\/\/shushufindi.gob.ec\/sitio\/#\/schema\/person\/image\/\",\"url\":\"https:\/\/secure.gravatar.com\/avatar\/6276ff73d081c6a82a8b7fa51fd1786fea7dcd89c9d1eec0d3ed0f634d47bffb?s=96&d=mm&r=g\",\"contentUrl\":\"https:\/\/secure.gravatar.com\/avatar\/6276ff73d081c6a82a8b7fa51fd1786fea7dcd89c9d1eec0d3ed0f634d47bffb?s=96&d=mm&r=g\",\"caption\":\"Maria Elizabeth Chamba Loaiza\"},\"sameAs\":[\"https:\/\/www.shushufindi.gob.ec\"],\"url\":\"https:\/\/shushufindi.gob.ec\/sitio\/author\/mchamba\/\"}]}<\/script>\n<!-- \/ Yoast SEO plugin. -->","yoast_head_json":{"title":"INVITACI\u00d3N A RENDICI\u00d3N DE CUENTAS 2020 - Municipio del Cant\u00f3n Shushufindi","robots":{"index":"index","follow":"follow","max-snippet":"max-snippet:-1","max-image-preview":"max-image-preview:large","max-video-preview":"max-video-preview:-1"},"canonical":"https:\/\/shushufindi.gob.ec\/sitio\/2021\/06\/25\/invitacion-a-rendicion-de-cuentas-2020\/","og_locale":"es_ES","og_type":"article","og_title":"INVITACI\u00d3N A RENDICI\u00d3N DE CUENTAS 2020 - Municipio del Cant\u00f3n Shushufindi","og_url":"https:\/\/shushufindi.gob.ec\/sitio\/2021\/06\/25\/invitacion-a-rendicion-de-cuentas-2020\/","og_site_name":"Municipio del Cant\u00f3n Shushufindi","article_published_time":"2021-06-25T20:49:44+00:00","og_image":[{"width":2048,"height":2048,"url":"https:\/\/shushufindi.gob.ec\/sitio\/wp-content\/uploads\/2021\/06\/205732575_922534044977975_3815996137649758254_n.jpeg","type":"image\/jpeg"}],"author":"Maria Elizabeth Chamba Loaiza","twitter_card":"summary_large_image","twitter_misc":{"Escrito por":"Maria Elizabeth Chamba Loaiza"},"schema":{"@context":"https:\/\/schema.org","@graph":[{"@type":"Article","@id":"https:\/\/shushufindi.gob.ec\/sitio\/2021\/06\/25\/invitacion-a-rendicion-de-cuentas-2020\/#article","isPartOf":{"@id":"https:\/\/shushufindi.gob.ec\/sitio\/2021\/06\/25\/invitacion-a-rendicion-de-cuentas-2020\/"},"author":{"name":"Maria Elizabeth Chamba Loaiza","@id":"https:\/\/shushufindi.gob.ec\/sitio\/#\/schema\/person\/1a57fc2de5e474707728cf032b0a0811"},"headline":"INVITACI\u00d3N A RENDICI\u00d3N DE CUENTAS 2020","datePublished":"2021-06-25T20:49:44+00:00","mainEntityOfPage":{"@id":"https:\/\/shushufindi.gob.ec\/sitio\/2021\/06\/25\/invitacion-a-rendicion-de-cuentas-2020\/"},"wordCount":61,"publisher":{"@id":"https:\/\/shushufindi.gob.ec\/sitio\/#organization"},"image":{"@id":"https:\/\/shushufindi.gob.ec\/sitio\/2021\/06\/25\/invitacion-a-rendicion-de-cuentas-2020\/#primaryimage"},"thumbnailUrl":"https:\/\/shushufindi.gob.ec\/sitio\/wp-content\/uploads\/2021\/06\/205732575_922534044977975_3815996137649758254_n.jpeg","articleSection":["NOTICIAS"],"inLanguage":"es"},{"@type":"WebPage","@id":"https:\/\/shushufindi.gob.ec\/sitio\/2021\/06\/25\/invitacion-a-rendicion-de-cuentas-2020\/","url":"https:\/\/shushufindi.gob.ec\/sitio\/2021\/06\/25\/invitacion-a-rendicion-de-cuentas-2020\/","name":"INVITACI\u00d3N A RENDICI\u00d3N DE CUENTAS 2020 - Municipio del Cant\u00f3n Shushufindi","isPartOf":{"@id":"https:\/\/shushufindi.gob.ec\/sitio\/#website"},"primaryImageOfPage":{"@id":"https:\/\/shushufindi.gob.ec\/sitio\/2021\/06\/25\/invitacion-a-rendicion-de-cuentas-2020\/#primaryimage"},"image":{"@id":"https:\/\/shushufindi.gob.ec\/sitio\/2021\/06\/25\/invitacion-a-rendicion-de-cuentas-2020\/#primaryimage"},"thumbnailUrl":"https:\/\/shushufindi.gob.ec\/sitio\/wp-content\/uploads\/2021\/06\/205732575_922534044977975_3815996137649758254_n.jpeg","datePublished":"2021-06-25T20:49:44+00:00","breadcrumb":{"@id":"https:\/\/shushufindi.gob.ec\/sitio\/2021\/06\/25\/invitacion-a-rendicion-de-cuentas-2020\/#breadcrumb"},"inLanguage":"es","potentialAction":[{"@type":"ReadAction","target":["https:\/\/shushufindi.gob.ec\/sitio\/2021\/06\/25\/invitacion-a-rendicion-de-cuentas-2020\/"]}]},{"@type":"ImageObject","inLanguage":"es","@id":"https:\/\/shushufindi.gob.ec\/sitio\/2021\/06\/25\/invitacion-a-rendicion-de-cuentas-2020\/#primaryimage","url":"https:\/\/shushufindi.gob.ec\/sitio\/wp-content\/uploads\/2021\/06\/205732575_922534044977975_3815996137649758254_n.jpeg","contentUrl":"https:\/\/shushufindi.gob.ec\/sitio\/wp-content\/uploads\/2021\/06\/205732575_922534044977975_3815996137649758254_n.jpeg","width":2048,"height":2048},{"@type":"BreadcrumbList","@id":"https:\/\/shushufindi.gob.ec\/sitio\/2021\/06\/25\/invitacion-a-rendicion-de-cuentas-2020\/#breadcrumb","itemListElement":[{"@type":"ListItem","position":1,"name":"Portada","item":"https:\/\/shushufindi.gob.ec\/sitio\/"},{"@type":"ListItem","position":2,"name":"INVITACI\u00d3N A RENDICI\u00d3N DE CUENTAS 2020"}]},{"@type":"WebSite","@id":"https:\/\/shushufindi.gob.ec\/sitio\/#website","url":"https:\/\/shushufindi.gob.ec\/sitio\/","name":"Municipio del Cant\u00f3n Shushufindi","description":"GAD Municipal","publisher":{"@id":"https:\/\/shushufindi.gob.ec\/sitio\/#organization"},"potentialAction":[{"@type":"SearchAction","target":{"@type":"EntryPoint","urlTemplate":"https:\/\/shushufindi.gob.ec\/sitio\/?s={search_term_string}"},"query-input":{"@type":"PropertyValueSpecification","valueRequired":true,"valueName":"search_term_string"}}],"inLanguage":"es"},{"@type":"Organization","@id":"https:\/\/shushufindi.gob.ec\/sitio\/#organization","name":"Municipio del Cant\u00f3n Shushufindi","url":"https:\/\/shushufindi.gob.ec\/sitio\/","logo":{"@type":"ImageObject","inLanguage":"es","@id":"https:\/\/shushufindi.gob.ec\/sitio\/#\/schema\/logo\/image\/","url":"http:\/\/shushufindi.gob.ec\/sitio\/wp-content\/uploads\/2023\/10\/favicon.jpg","contentUrl":"http:\/\/shushufindi.gob.ec\/sitio\/wp-content\/uploads\/2023\/10\/favicon.jpg","width":100,"height":97,"caption":"Municipio del Cant\u00f3n Shushufindi"},"image":{"@id":"https:\/\/shushufindi.gob.ec\/sitio\/#\/schema\/logo\/image\/"}},{"@type":"Person","@id":"https:\/\/shushufindi.gob.ec\/sitio\/#\/schema\/person\/1a57fc2de5e474707728cf032b0a0811","name":"Maria Elizabeth Chamba Loaiza","image":{"@type":"ImageObject","inLanguage":"es","@id":"https:\/\/shushufindi.gob.ec\/sitio\/#\/schema\/person\/image\/","url":"https:\/\/secure.gravatar.com\/avatar\/6276ff73d081c6a82a8b7fa51fd1786fea7dcd89c9d1eec0d3ed0f634d47bffb?s=96&d=mm&r=g","contentUrl":"https:\/\/secure.gravatar.com\/avatar\/6276ff73d081c6a82a8b7fa51fd1786fea7dcd89c9d1eec0d3ed0f634d47bffb?s=96&d=mm&r=g","caption":"Maria Elizabeth Chamba Loaiza"},"sameAs":["https:\/\/www.shushufindi.gob.ec"],"url":"https:\/\/shushufindi.gob.ec\/sitio\/author\/mchamba\/"}]}},"jetpack_featured_media_url":"https:\/\/shushufindi.gob.ec\/sitio\/wp-content\/uploads\/2021\/06\/205732575_922534044977975_3815996137649758254_n.jpeg","_links":{"self":[{"href":"https:\/\/shushufindi.gob.ec\/sitio\/wp-json\/wp\/v2\/posts\/30068","targetHints":{"allow":["GET"]}}],"collection":[{"href":"https:\/\/shushufindi.gob.ec\/sitio\/wp-json\/wp\/v2\/posts"}],"about":[{"href":"https:\/\/shushufindi.gob.ec\/sitio\/wp-json\/wp\/v2\/types\/post"}],"author":[{"embeddable":true,"href":"https:\/\/shushufindi.gob.ec\/sitio\/wp-json\/wp\/v2\/users\/13"}],"replies":[{"embeddable":true,"href":"https:\/\/shushufindi.gob.ec\/sitio\/wp-json\/wp\/v2\/comments?post=30068"}],"version-history":[{"count":0,"href":"https:\/\/shushufindi.gob.ec\/sitio\/wp-json\/wp\/v2\/posts\/30068\/revisions"}],"wp:featuredmedia":[{"embeddable":true,"href":"https:\/\/shushufindi.gob.ec\/sitio\/wp-json\/wp\/v2\/media\/29943"}],"wp:attachment":[{"href":"https:\/\/shushufindi.gob.ec\/sitio\/wp-json\/wp\/v2\/media?parent=30068"}],"wp:term":[{"taxonomy":"category","embeddable":true,"href":"https:\/\/shushufindi.gob.ec\/sitio\/wp-json\/wp\/v2\/categories?post=30068"},{"taxonomy":"post_tag","embeddable":true,"href":"https:\/\/shushufindi.gob.ec\/sitio\/wp-json\/wp\/v2\/tags?post=30068"}],"curies":[{"name":"wp","href":"https:\/\/api.w.org\/{rel}","templated":true}]}}