{"id":30074,"date":"2021-03-27T20:59:39","date_gmt":"2021-03-27T20:59:39","guid":{"rendered":"http:\/\/shushufindi.gob.ec\/portal\/?p=22173"},"modified":"2021-03-27T20:59:39","modified_gmt":"2021-03-27T20:59:39","slug":"alcaldia-incia-la-construccion-del-emblematico-parque-lineal","status":"publish","type":"post","link":"https:\/\/shushufindi.gob.ec\/sitio\/2021\/03\/27\/alcaldia-incia-la-construccion-del-emblematico-parque-lineal\/","title":{"rendered":"ALCALD\u00cdA INCIA LA CONSTRUCCI\u00d3N DEL EMBLEM\u00c1TICO PARQUE LINEAL"},"content":{"rendered":"\n<p><img loading=\"lazy\" decoding=\"async\" class=\"alignnone  wp-image-22172\" src=\"http:\/\/shushufindi.gob.ec\/portal\/wp-content\/uploads\/2021\/03\/DSC08225-300x200.jpg\" alt=\"\" width=\"832\" height=\"554\" \/><\/p>\n<p>Con gran alegr\u00eda y expectativa recibi\u00f3 la ciudadan\u00eda de Shushufindi el inicio de la construcci\u00f3n del Parque Lineal y soluci\u00f3n vial al paso Zeneida, una obra emblem\u00e1tica de la Alcald\u00eda, liderada por la ingeniera Esperanza Torres.<\/p>\n<p>En un acto oficial de inicio de obra, el viernes 26 de marzo se expuso el alcance del proyecto que atraviesa por los barrios; Nuevo Shushufindi, Zeneida, 24 de Mayo, Bellavista, en una superficie de 41.588,50 m2. Su financiamiento es de 8 millones gestionado por la autoridad cantonal ante el Banco de Desarrollo, y cuenta con un plazo de ejecuci\u00f3n de 450 d\u00edas calendario.<\/p>\n<p>\u201cEste proyecto emblem\u00e1tico es un complemento al desarrollo econ\u00f3mico de Shushufindi, llega a dinamizar la econom\u00eda en el momento m\u00e1s importante y necesario\u201d. Expres\u00f3 la m\u00e1xima autoridad del cant\u00f3n, quien ratific\u00f3 que, en la ejecuci\u00f3n del Parque Lineal, las oportunidades laborales, as\u00ed como la prestaci\u00f3n de bienes y servicios ser\u00e1n para beneficio de la localidad.<\/p>\n<p>Las \u00e1reas que integrar\u00e1n este espacio p\u00fablico son; pista de patinaje profesional, pista de skate, concha ac\u00fastica, ciclov\u00eda, caminar\u00eda, 2 canchas de f\u00fatbol sala, 2 de v\u00f3ley, 2 de baloncesto, estacionamientos para veh\u00edculos y bicicletas, iluminaci\u00f3n, centro de interpretaci\u00f3n cultural, zonas verdes, entre otros sitios recreativos, tur\u00edsticos, gastron\u00f3micos y culturales, que har\u00e1n de este lugar un referente a nivel de la provincia, la regi\u00f3n y el pa\u00eds.<\/p>\n<p>De esta forma la Alcald\u00eda de Shushufindi promueve la reactivaci\u00f3n econ\u00f3mica, el fomento deportivo, cultural, con un cant\u00f3n de rostro nuevo, m\u00e1s bonito, pr\u00f3spero y abierto al turismo.<\/p>\n","protected":false},"excerpt":{"rendered":"Con gran alegr\u00eda y expectativa recibi\u00f3 la ciudadan\u00eda de Shushufindi el inicio de la construcci\u00f3n del Parque Lineal y soluci\u00f3n","protected":false},"author":13,"featured_media":29956,"comment_status":"closed","ping_status":"closed","sticky":false,"template":"","format":"standard","meta":{"_monsterinsights_skip_tracking":false,"_monsterinsights_sitenote_active":false,"_monsterinsights_sitenote_note":"","_monsterinsights_sitenote_category":0,"_joinchat":[],"footnotes":""},"categories":[3],"tags":[],"class_list":["post-30074","post","type-post","status-publish","format-standard","has-post-thumbnail","hentry","category-noticias"],"yoast_head":"<!-- This site is optimized with the Yoast SEO plugin v25.8 - https:\/\/yoast.com\/wordpress\/plugins\/seo\/ -->\n<title>ALCALD\u00cdA INCIA LA CONSTRUCCI\u00d3N DEL EMBLEM\u00c1TICO PARQUE LINEAL - Municipio del Cant\u00f3n Shushufindi<\/title>\n<meta name=\"robots\" content=\"index, follow, max-snippet:-1, max-image-preview:large, max-video-preview:-1\" \/>\n<link rel=\"canonical\" href=\"https:\/\/shushufindi.gob.ec\/sitio\/2021\/03\/27\/alcaldia-incia-la-construccion-del-emblematico-parque-lineal\/\" \/>\n<meta property=\"og:locale\" content=\"es_ES\" \/>\n<meta property=\"og:type\" content=\"article\" \/>\n<meta property=\"og:title\" content=\"ALCALD\u00cdA INCIA LA CONSTRUCCI\u00d3N DEL EMBLEM\u00c1TICO PARQUE LINEAL - Municipio del Cant\u00f3n Shushufindi\" \/>\n<meta property=\"og:url\" content=\"https:\/\/shushufindi.gob.ec\/sitio\/2021\/03\/27\/alcaldia-incia-la-construccion-del-emblematico-parque-lineal\/\" \/>\n<meta property=\"og:site_name\" content=\"Municipio del Cant\u00f3n Shushufindi\" \/>\n<meta property=\"article:published_time\" content=\"2021-03-27T20:59:39+00:00\" \/>\n<meta property=\"og:image\" content=\"https:\/\/shushufindi.gob.ec\/sitio\/wp-content\/uploads\/2021\/03\/DSC08323-scaled.jpg\" \/>\n\t<meta property=\"og:image:width\" content=\"2560\" \/>\n\t<meta property=\"og:image:height\" content=\"1710\" \/>\n\t<meta property=\"og:image:type\" content=\"image\/jpeg\" \/>\n<meta name=\"author\" content=\"Maria Elizabeth Chamba Loaiza\" \/>\n<meta name=\"twitter:card\" content=\"summary_large_image\" \/>\n<meta name=\"twitter:label1\" content=\"Escrito por\" \/>\n\t<meta name=\"twitter:data1\" content=\"Maria Elizabeth Chamba Loaiza\" \/>\n\t<meta name=\"twitter:label2\" content=\"Tiempo de lectura\" \/>\n\t<meta name=\"twitter:data2\" content=\"1 minuto\" \/>\n<script type=\"application\/ld+json\" class=\"yoast-schema-graph\">{\"@context\":\"https:\/\/schema.org\",\"@graph\":[{\"@type\":\"Article\",\"@id\":\"https:\/\/shushufindi.gob.ec\/sitio\/2021\/03\/27\/alcaldia-incia-la-construccion-del-emblematico-parque-lineal\/#article\",\"isPartOf\":{\"@id\":\"https:\/\/shushufindi.gob.ec\/sitio\/2021\/03\/27\/alcaldia-incia-la-construccion-del-emblematico-parque-lineal\/\"},\"author\":{\"name\":\"Maria Elizabeth Chamba Loaiza\",\"@id\":\"https:\/\/shushufindi.gob.ec\/sitio\/#\/schema\/person\/1a57fc2de5e474707728cf032b0a0811\"},\"headline\":\"ALCALD\u00cdA INCIA LA CONSTRUCCI\u00d3N DEL EMBLEM\u00c1TICO PARQUE LINEAL\",\"datePublished\":\"2021-03-27T20:59:39+00:00\",\"mainEntityOfPage\":{\"@id\":\"https:\/\/shushufindi.gob.ec\/sitio\/2021\/03\/27\/alcaldia-incia-la-construccion-del-emblematico-parque-lineal\/\"},\"wordCount\":291,\"publisher\":{\"@id\":\"https:\/\/shushufindi.gob.ec\/sitio\/#organization\"},\"image\":{\"@id\":\"https:\/\/shushufindi.gob.ec\/sitio\/2021\/03\/27\/alcaldia-incia-la-construccion-del-emblematico-parque-lineal\/#primaryimage\"},\"thumbnailUrl\":\"https:\/\/shushufindi.gob.ec\/sitio\/wp-content\/uploads\/2021\/03\/DSC08323-scaled.jpg\",\"articleSection\":[\"NOTICIAS\"],\"inLanguage\":\"es\"},{\"@type\":\"WebPage\",\"@id\":\"https:\/\/shushufindi.gob.ec\/sitio\/2021\/03\/27\/alcaldia-incia-la-construccion-del-emblematico-parque-lineal\/\",\"url\":\"https:\/\/shushufindi.gob.ec\/sitio\/2021\/03\/27\/alcaldia-incia-la-construccion-del-emblematico-parque-lineal\/\",\"name\":\"ALCALD\u00cdA INCIA LA CONSTRUCCI\u00d3N DEL EMBLEM\u00c1TICO PARQUE LINEAL - Municipio del Cant\u00f3n Shushufindi\",\"isPartOf\":{\"@id\":\"https:\/\/shushufindi.gob.ec\/sitio\/#website\"},\"primaryImageOfPage\":{\"@id\":\"https:\/\/shushufindi.gob.ec\/sitio\/2021\/03\/27\/alcaldia-incia-la-construccion-del-emblematico-parque-lineal\/#primaryimage\"},\"image\":{\"@id\":\"https:\/\/shushufindi.gob.ec\/sitio\/2021\/03\/27\/alcaldia-incia-la-construccion-del-emblematico-parque-lineal\/#primaryimage\"},\"thumbnailUrl\":\"https:\/\/shushufindi.gob.ec\/sitio\/wp-content\/uploads\/2021\/03\/DSC08323-scaled.jpg\",\"datePublished\":\"2021-03-27T20:59:39+00:00\",\"breadcrumb\":{\"@id\":\"https:\/\/shushufindi.gob.ec\/sitio\/2021\/03\/27\/alcaldia-incia-la-construccion-del-emblematico-parque-lineal\/#breadcrumb\"},\"inLanguage\":\"es\",\"potentialAction\":[{\"@type\":\"ReadAction\",\"target\":[\"https:\/\/shushufindi.gob.ec\/sitio\/2021\/03\/27\/alcaldia-incia-la-construccion-del-emblematico-parque-lineal\/\"]}]},{\"@type\":\"ImageObject\",\"inLanguage\":\"es\",\"@id\":\"https:\/\/shushufindi.gob.ec\/sitio\/2021\/03\/27\/alcaldia-incia-la-construccion-del-emblematico-parque-lineal\/#primaryimage\",\"url\":\"https:\/\/shushufindi.gob.ec\/sitio\/wp-content\/uploads\/2021\/03\/DSC08323-scaled.jpg\",\"contentUrl\":\"https:\/\/shushufindi.gob.ec\/sitio\/wp-content\/uploads\/2021\/03\/DSC08323-scaled.jpg\",\"width\":2560,\"height\":1710},{\"@type\":\"BreadcrumbList\",\"@id\":\"https:\/\/shushufindi.gob.ec\/sitio\/2021\/03\/27\/alcaldia-incia-la-construccion-del-emblematico-parque-lineal\/#breadcrumb\",\"itemListElement\":[{\"@type\":\"ListItem\",\"position\":1,\"name\":\"Portada\",\"item\":\"https:\/\/shushufindi.gob.ec\/sitio\/\"},{\"@type\":\"ListItem\",\"position\":2,\"name\":\"ALCALD\u00cdA INCIA LA CONSTRUCCI\u00d3N DEL EMBLEM\u00c1TICO PARQUE LINEAL\"}]},{\"@type\":\"WebSite\",\"@id\":\"https:\/\/shushufindi.gob.ec\/sitio\/#website\",\"url\":\"https:\/\/shushufindi.gob.ec\/sitio\/\",\"name\":\"Municipio del Cant\u00f3n Shushufindi\",\"description\":\"GAD Municipal\",\"publisher\":{\"@id\":\"https:\/\/shushufindi.gob.ec\/sitio\/#organization\"},\"potentialAction\":[{\"@type\":\"SearchAction\",\"target\":{\"@type\":\"EntryPoint\",\"urlTemplate\":\"https:\/\/shushufindi.gob.ec\/sitio\/?s={search_term_string}\"},\"query-input\":{\"@type\":\"PropertyValueSpecification\",\"valueRequired\":true,\"valueName\":\"search_term_string\"}}],\"inLanguage\":\"es\"},{\"@type\":\"Organization\",\"@id\":\"https:\/\/shushufindi.gob.ec\/sitio\/#organization\",\"name\":\"Municipio del Cant\u00f3n Shushufindi\",\"url\":\"https:\/\/shushufindi.gob.ec\/sitio\/\",\"logo\":{\"@type\":\"ImageObject\",\"inLanguage\":\"es\",\"@id\":\"https:\/\/shushufindi.gob.ec\/sitio\/#\/schema\/logo\/image\/\",\"url\":\"http:\/\/shushufindi.gob.ec\/sitio\/wp-content\/uploads\/2023\/10\/favicon.jpg\",\"contentUrl\":\"http:\/\/shushufindi.gob.ec\/sitio\/wp-content\/uploads\/2023\/10\/favicon.jpg\",\"width\":100,\"height\":97,\"caption\":\"Municipio del Cant\u00f3n Shushufindi\"},\"image\":{\"@id\":\"https:\/\/shushufindi.gob.ec\/sitio\/#\/schema\/logo\/image\/\"}},{\"@type\":\"Person\",\"@id\":\"https:\/\/shushufindi.gob.ec\/sitio\/#\/schema\/person\/1a57fc2de5e474707728cf032b0a0811\",\"name\":\"Maria Elizabeth Chamba Loaiza\",\"image\":{\"@type\":\"ImageObject\",\"inLanguage\":\"es\",\"@id\":\"https:\/\/shushufindi.gob.ec\/sitio\/#\/schema\/person\/image\/\",\"url\":\"https:\/\/secure.gravatar.com\/avatar\/6276ff73d081c6a82a8b7fa51fd1786fea7dcd89c9d1eec0d3ed0f634d47bffb?s=96&d=mm&r=g\",\"contentUrl\":\"https:\/\/secure.gravatar.com\/avatar\/6276ff73d081c6a82a8b7fa51fd1786fea7dcd89c9d1eec0d3ed0f634d47bffb?s=96&d=mm&r=g\",\"caption\":\"Maria Elizabeth Chamba Loaiza\"},\"sameAs\":[\"https:\/\/www.shushufindi.gob.ec\"],\"url\":\"https:\/\/shushufindi.gob.ec\/sitio\/author\/mchamba\/\"}]}<\/script>\n<!-- \/ Yoast SEO plugin. -->","yoast_head_json":{"title":"ALCALD\u00cdA INCIA LA CONSTRUCCI\u00d3N DEL EMBLEM\u00c1TICO PARQUE LINEAL - Municipio del Cant\u00f3n Shushufindi","robots":{"index":"index","follow":"follow","max-snippet":"max-snippet:-1","max-image-preview":"max-image-preview:large","max-video-preview":"max-video-preview:-1"},"canonical":"https:\/\/shushufindi.gob.ec\/sitio\/2021\/03\/27\/alcaldia-incia-la-construccion-del-emblematico-parque-lineal\/","og_locale":"es_ES","og_type":"article","og_title":"ALCALD\u00cdA INCIA LA CONSTRUCCI\u00d3N DEL EMBLEM\u00c1TICO PARQUE LINEAL - Municipio del Cant\u00f3n Shushufindi","og_url":"https:\/\/shushufindi.gob.ec\/sitio\/2021\/03\/27\/alcaldia-incia-la-construccion-del-emblematico-parque-lineal\/","og_site_name":"Municipio del Cant\u00f3n Shushufindi","article_published_time":"2021-03-27T20:59:39+00:00","og_image":[{"width":2560,"height":1710,"url":"https:\/\/shushufindi.gob.ec\/sitio\/wp-content\/uploads\/2021\/03\/DSC08323-scaled.jpg","type":"image\/jpeg"}],"author":"Maria Elizabeth Chamba Loaiza","twitter_card":"summary_large_image","twitter_misc":{"Escrito por":"Maria Elizabeth Chamba Loaiza","Tiempo de lectura":"1 minuto"},"schema":{"@context":"https:\/\/schema.org","@graph":[{"@type":"Article","@id":"https:\/\/shushufindi.gob.ec\/sitio\/2021\/03\/27\/alcaldia-incia-la-construccion-del-emblematico-parque-lineal\/#article","isPartOf":{"@id":"https:\/\/shushufindi.gob.ec\/sitio\/2021\/03\/27\/alcaldia-incia-la-construccion-del-emblematico-parque-lineal\/"},"author":{"name":"Maria Elizabeth Chamba Loaiza","@id":"https:\/\/shushufindi.gob.ec\/sitio\/#\/schema\/person\/1a57fc2de5e474707728cf032b0a0811"},"headline":"ALCALD\u00cdA INCIA LA CONSTRUCCI\u00d3N DEL EMBLEM\u00c1TICO PARQUE LINEAL","datePublished":"2021-03-27T20:59:39+00:00","mainEntityOfPage":{"@id":"https:\/\/shushufindi.gob.ec\/sitio\/2021\/03\/27\/alcaldia-incia-la-construccion-del-emblematico-parque-lineal\/"},"wordCount":291,"publisher":{"@id":"https:\/\/shushufindi.gob.ec\/sitio\/#organization"},"image":{"@id":"https:\/\/shushufindi.gob.ec\/sitio\/2021\/03\/27\/alcaldia-incia-la-construccion-del-emblematico-parque-lineal\/#primaryimage"},"thumbnailUrl":"https:\/\/shushufindi.gob.ec\/sitio\/wp-content\/uploads\/2021\/03\/DSC08323-scaled.jpg","articleSection":["NOTICIAS"],"inLanguage":"es"},{"@type":"WebPage","@id":"https:\/\/shushufindi.gob.ec\/sitio\/2021\/03\/27\/alcaldia-incia-la-construccion-del-emblematico-parque-lineal\/","url":"https:\/\/shushufindi.gob.ec\/sitio\/2021\/03\/27\/alcaldia-incia-la-construccion-del-emblematico-parque-lineal\/","name":"ALCALD\u00cdA INCIA LA CONSTRUCCI\u00d3N DEL EMBLEM\u00c1TICO PARQUE LINEAL - Municipio del Cant\u00f3n Shushufindi","isPartOf":{"@id":"https:\/\/shushufindi.gob.ec\/sitio\/#website"},"primaryImageOfPage":{"@id":"https:\/\/shushufindi.gob.ec\/sitio\/2021\/03\/27\/alcaldia-incia-la-construccion-del-emblematico-parque-lineal\/#primaryimage"},"image":{"@id":"https:\/\/shushufindi.gob.ec\/sitio\/2021\/03\/27\/alcaldia-incia-la-construccion-del-emblematico-parque-lineal\/#primaryimage"},"thumbnailUrl":"https:\/\/shushufindi.gob.ec\/sitio\/wp-content\/uploads\/2021\/03\/DSC08323-scaled.jpg","datePublished":"2021-03-27T20:59:39+00:00","breadcrumb":{"@id":"https:\/\/shushufindi.gob.ec\/sitio\/2021\/03\/27\/alcaldia-incia-la-construccion-del-emblematico-parque-lineal\/#breadcrumb"},"inLanguage":"es","potentialAction":[{"@type":"ReadAction","target":["https:\/\/shushufindi.gob.ec\/sitio\/2021\/03\/27\/alcaldia-incia-la-construccion-del-emblematico-parque-lineal\/"]}]},{"@type":"ImageObject","inLanguage":"es","@id":"https:\/\/shushufindi.gob.ec\/sitio\/2021\/03\/27\/alcaldia-incia-la-construccion-del-emblematico-parque-lineal\/#primaryimage","url":"https:\/\/shushufindi.gob.ec\/sitio\/wp-content\/uploads\/2021\/03\/DSC08323-scaled.jpg","contentUrl":"https:\/\/shushufindi.gob.ec\/sitio\/wp-content\/uploads\/2021\/03\/DSC08323-scaled.jpg","width":2560,"height":1710},{"@type":"BreadcrumbList","@id":"https:\/\/shushufindi.gob.ec\/sitio\/2021\/03\/27\/alcaldia-incia-la-construccion-del-emblematico-parque-lineal\/#breadcrumb","itemListElement":[{"@type":"ListItem","position":1,"name":"Portada","item":"https:\/\/shushufindi.gob.ec\/sitio\/"},{"@type":"ListItem","position":2,"name":"ALCALD\u00cdA INCIA LA CONSTRUCCI\u00d3N DEL EMBLEM\u00c1TICO PARQUE LINEAL"}]},{"@type":"WebSite","@id":"https:\/\/shushufindi.gob.ec\/sitio\/#website","url":"https:\/\/shushufindi.gob.ec\/sitio\/","name":"Municipio del Cant\u00f3n Shushufindi","description":"GAD Municipal","publisher":{"@id":"https:\/\/shushufindi.gob.ec\/sitio\/#organization"},"potentialAction":[{"@type":"SearchAction","target":{"@type":"EntryPoint","urlTemplate":"https:\/\/shushufindi.gob.ec\/sitio\/?s={search_term_string}"},"query-input":{"@type":"PropertyValueSpecification","valueRequired":true,"valueName":"search_term_string"}}],"inLanguage":"es"},{"@type":"Organization","@id":"https:\/\/shushufindi.gob.ec\/sitio\/#organization","name":"Municipio del Cant\u00f3n Shushufindi","url":"https:\/\/shushufindi.gob.ec\/sitio\/","logo":{"@type":"ImageObject","inLanguage":"es","@id":"https:\/\/shushufindi.gob.ec\/sitio\/#\/schema\/logo\/image\/","url":"http:\/\/shushufindi.gob.ec\/sitio\/wp-content\/uploads\/2023\/10\/favicon.jpg","contentUrl":"http:\/\/shushufindi.gob.ec\/sitio\/wp-content\/uploads\/2023\/10\/favicon.jpg","width":100,"height":97,"caption":"Municipio del Cant\u00f3n Shushufindi"},"image":{"@id":"https:\/\/shushufindi.gob.ec\/sitio\/#\/schema\/logo\/image\/"}},{"@type":"Person","@id":"https:\/\/shushufindi.gob.ec\/sitio\/#\/schema\/person\/1a57fc2de5e474707728cf032b0a0811","name":"Maria Elizabeth Chamba Loaiza","image":{"@type":"ImageObject","inLanguage":"es","@id":"https:\/\/shushufindi.gob.ec\/sitio\/#\/schema\/person\/image\/","url":"https:\/\/secure.gravatar.com\/avatar\/6276ff73d081c6a82a8b7fa51fd1786fea7dcd89c9d1eec0d3ed0f634d47bffb?s=96&d=mm&r=g","contentUrl":"https:\/\/secure.gravatar.com\/avatar\/6276ff73d081c6a82a8b7fa51fd1786fea7dcd89c9d1eec0d3ed0f634d47bffb?s=96&d=mm&r=g","caption":"Maria Elizabeth Chamba Loaiza"},"sameAs":["https:\/\/www.shushufindi.gob.ec"],"url":"https:\/\/shushufindi.gob.ec\/sitio\/author\/mchamba\/"}]}},"jetpack_featured_media_url":"https:\/\/shushufindi.gob.ec\/sitio\/wp-content\/uploads\/2021\/03\/DSC08323-scaled.jpg","_links":{"self":[{"href":"https:\/\/shushufindi.gob.ec\/sitio\/wp-json\/wp\/v2\/posts\/30074","targetHints":{"allow":["GET"]}}],"collection":[{"href":"https:\/\/shushufindi.gob.ec\/sitio\/wp-json\/wp\/v2\/posts"}],"about":[{"href":"https:\/\/shushufindi.gob.ec\/sitio\/wp-json\/wp\/v2\/types\/post"}],"author":[{"embeddable":true,"href":"https:\/\/shushufindi.gob.ec\/sitio\/wp-json\/wp\/v2\/users\/13"}],"replies":[{"embeddable":true,"href":"https:\/\/shushufindi.gob.ec\/sitio\/wp-json\/wp\/v2\/comments?post=30074"}],"version-history":[{"count":0,"href":"https:\/\/shushufindi.gob.ec\/sitio\/wp-json\/wp\/v2\/posts\/30074\/revisions"}],"wp:featuredmedia":[{"embeddable":true,"href":"https:\/\/shushufindi.gob.ec\/sitio\/wp-json\/wp\/v2\/media\/29956"}],"wp:attachment":[{"href":"https:\/\/shushufindi.gob.ec\/sitio\/wp-json\/wp\/v2\/media?parent=30074"}],"wp:term":[{"taxonomy":"category","embeddable":true,"href":"https:\/\/shushufindi.gob.ec\/sitio\/wp-json\/wp\/v2\/categories?post=30074"},{"taxonomy":"post_tag","embeddable":true,"href":"https:\/\/shushufindi.gob.ec\/sitio\/wp-json\/wp\/v2\/tags?post=30074"}],"curies":[{"name":"wp","href":"https:\/\/api.w.org\/{rel}","templated":true}]}}