{"id":30079,"date":"2021-01-09T19:22:51","date_gmt":"2021-01-09T19:22:51","guid":{"rendered":"http:\/\/shushufindi.gob.ec\/portal\/?p=21788"},"modified":"2021-01-09T19:22:51","modified_gmt":"2021-01-09T19:22:51","slug":"shushufindi-recibe-la-declaracion-de-pueblo-magico-del-ecuador","status":"publish","type":"post","link":"https:\/\/shushufindi.gob.ec\/sitio\/2021\/01\/09\/shushufindi-recibe-la-declaracion-de-pueblo-magico-del-ecuador\/","title":{"rendered":"SHUSHUFINDI RECIBE LA DECLARACI\u00d3N DE PUEBLO M\u00c1GICO DEL ECUADOR"},"content":{"rendered":"\n<p>La noche del siete de agosto marca un hito en el desarrollo tur\u00edstico del cant\u00f3n Shushufindi al recibir del Ministerio de Turismo la declaratoria de PUEBLO M\u00c1GICO del Ecuador. Este resultado es producto de la gesti\u00f3n municipal emprendida por la alcaldesa Esperanza Torres, al potencial tur\u00edstico de nuestro territorio y a la articulaci\u00f3n p\u00fablica y privada.<\/p>\n<p>La certificaci\u00f3n fue entregada oficialmente por la Ministra de Turismo a la m\u00e1xima autoridad del cant\u00f3n, quien expres\u00f3 que este logro enorgullece a los shushufindenses y representa la esperanza en el \u00e1mbito tur\u00edstico porque se abre la posibilidad de que todos, turistas nacionales e internacional descubran la magia de Shushufindi.<\/p>\n<p>En el proceso para recibir esta designaci\u00f3n, la Alcald\u00eda de Shushufindi cumpli\u00f3 una serie de requisitos establecidos en el programa nacional \u201cPueblos M\u00e1gicos &#8211; Ecuador\u201d, por ello, para los shushufindenses este logro significa la esperanza\u00a0 en la reactivaci\u00f3n econ\u00f3mica del cant\u00f3n.<\/p>\n<p>En el contexto de la declaratoria, la ministra Rosi Prado, la alcaldesa Esperanza Torres, autoridades provinciales, cantonales y locales realizaron una visita a la Reserva Biol\u00f3gica de Limoncocha Laguna, uno de los destinos \u00fanicos que posee Shushufindi, donde pudieron disfrutar de la exuberante naturaleza y variedad faun\u00edstica.<\/p>\n","protected":false},"excerpt":{"rendered":"La noche del siete de agosto marca un hito en el desarrollo tur\u00edstico del cant\u00f3n Shushufindi al recibir del Ministerio","protected":false},"author":13,"featured_media":29968,"comment_status":"closed","ping_status":"closed","sticky":false,"template":"","format":"standard","meta":{"_monsterinsights_skip_tracking":false,"_monsterinsights_sitenote_active":false,"_monsterinsights_sitenote_note":"","_monsterinsights_sitenote_category":0,"_joinchat":[],"footnotes":""},"categories":[3],"tags":[],"class_list":["post-30079","post","type-post","status-publish","format-standard","has-post-thumbnail","hentry","category-noticias"],"yoast_head":"<!-- This site is optimized with the Yoast SEO plugin v25.8 - https:\/\/yoast.com\/wordpress\/plugins\/seo\/ -->\n<title>SHUSHUFINDI RECIBE LA DECLARACI\u00d3N DE PUEBLO M\u00c1GICO DEL ECUADOR - Municipio del Cant\u00f3n Shushufindi<\/title>\n<meta name=\"robots\" content=\"index, follow, max-snippet:-1, max-image-preview:large, max-video-preview:-1\" \/>\n<link rel=\"canonical\" href=\"https:\/\/shushufindi.gob.ec\/sitio\/2021\/01\/09\/shushufindi-recibe-la-declaracion-de-pueblo-magico-del-ecuador\/\" \/>\n<meta property=\"og:locale\" content=\"es_ES\" \/>\n<meta property=\"og:type\" content=\"article\" \/>\n<meta property=\"og:title\" content=\"SHUSHUFINDI RECIBE LA DECLARACI\u00d3N DE PUEBLO M\u00c1GICO DEL ECUADOR - Municipio del Cant\u00f3n Shushufindi\" \/>\n<meta property=\"og:url\" content=\"https:\/\/shushufindi.gob.ec\/sitio\/2021\/01\/09\/shushufindi-recibe-la-declaracion-de-pueblo-magico-del-ecuador\/\" \/>\n<meta property=\"og:site_name\" content=\"Municipio del Cant\u00f3n Shushufindi\" \/>\n<meta property=\"article:published_time\" content=\"2021-01-09T19:22:51+00:00\" \/>\n<meta property=\"og:image\" content=\"https:\/\/shushufindi.gob.ec\/sitio\/wp-content\/uploads\/2021\/01\/136945547_3935691286464562_7630403116300257059_o.jpg\" \/>\n\t<meta property=\"og:image:width\" content=\"2048\" \/>\n\t<meta property=\"og:image:height\" content=\"1204\" \/>\n\t<meta property=\"og:image:type\" content=\"image\/jpeg\" \/>\n<meta name=\"author\" content=\"Maria Elizabeth Chamba Loaiza\" \/>\n<meta name=\"twitter:card\" content=\"summary_large_image\" \/>\n<meta name=\"twitter:label1\" content=\"Escrito por\" \/>\n\t<meta name=\"twitter:data1\" content=\"Maria Elizabeth Chamba Loaiza\" \/>\n\t<meta name=\"twitter:label2\" content=\"Tiempo de lectura\" \/>\n\t<meta name=\"twitter:data2\" content=\"1 minuto\" \/>\n<script type=\"application\/ld+json\" class=\"yoast-schema-graph\">{\"@context\":\"https:\/\/schema.org\",\"@graph\":[{\"@type\":\"Article\",\"@id\":\"https:\/\/shushufindi.gob.ec\/sitio\/2021\/01\/09\/shushufindi-recibe-la-declaracion-de-pueblo-magico-del-ecuador\/#article\",\"isPartOf\":{\"@id\":\"https:\/\/shushufindi.gob.ec\/sitio\/2021\/01\/09\/shushufindi-recibe-la-declaracion-de-pueblo-magico-del-ecuador\/\"},\"author\":{\"name\":\"Maria Elizabeth Chamba Loaiza\",\"@id\":\"https:\/\/shushufindi.gob.ec\/sitio\/#\/schema\/person\/1a57fc2de5e474707728cf032b0a0811\"},\"headline\":\"SHUSHUFINDI RECIBE LA DECLARACI\u00d3N DE PUEBLO M\u00c1GICO DEL ECUADOR\",\"datePublished\":\"2021-01-09T19:22:51+00:00\",\"mainEntityOfPage\":{\"@id\":\"https:\/\/shushufindi.gob.ec\/sitio\/2021\/01\/09\/shushufindi-recibe-la-declaracion-de-pueblo-magico-del-ecuador\/\"},\"wordCount\":224,\"publisher\":{\"@id\":\"https:\/\/shushufindi.gob.ec\/sitio\/#organization\"},\"image\":{\"@id\":\"https:\/\/shushufindi.gob.ec\/sitio\/2021\/01\/09\/shushufindi-recibe-la-declaracion-de-pueblo-magico-del-ecuador\/#primaryimage\"},\"thumbnailUrl\":\"https:\/\/shushufindi.gob.ec\/sitio\/wp-content\/uploads\/2021\/01\/136945547_3935691286464562_7630403116300257059_o.jpg\",\"articleSection\":[\"NOTICIAS\"],\"inLanguage\":\"es\"},{\"@type\":\"WebPage\",\"@id\":\"https:\/\/shushufindi.gob.ec\/sitio\/2021\/01\/09\/shushufindi-recibe-la-declaracion-de-pueblo-magico-del-ecuador\/\",\"url\":\"https:\/\/shushufindi.gob.ec\/sitio\/2021\/01\/09\/shushufindi-recibe-la-declaracion-de-pueblo-magico-del-ecuador\/\",\"name\":\"SHUSHUFINDI RECIBE LA DECLARACI\u00d3N DE PUEBLO M\u00c1GICO DEL ECUADOR - Municipio del Cant\u00f3n Shushufindi\",\"isPartOf\":{\"@id\":\"https:\/\/shushufindi.gob.ec\/sitio\/#website\"},\"primaryImageOfPage\":{\"@id\":\"https:\/\/shushufindi.gob.ec\/sitio\/2021\/01\/09\/shushufindi-recibe-la-declaracion-de-pueblo-magico-del-ecuador\/#primaryimage\"},\"image\":{\"@id\":\"https:\/\/shushufindi.gob.ec\/sitio\/2021\/01\/09\/shushufindi-recibe-la-declaracion-de-pueblo-magico-del-ecuador\/#primaryimage\"},\"thumbnailUrl\":\"https:\/\/shushufindi.gob.ec\/sitio\/wp-content\/uploads\/2021\/01\/136945547_3935691286464562_7630403116300257059_o.jpg\",\"datePublished\":\"2021-01-09T19:22:51+00:00\",\"breadcrumb\":{\"@id\":\"https:\/\/shushufindi.gob.ec\/sitio\/2021\/01\/09\/shushufindi-recibe-la-declaracion-de-pueblo-magico-del-ecuador\/#breadcrumb\"},\"inLanguage\":\"es\",\"potentialAction\":[{\"@type\":\"ReadAction\",\"target\":[\"https:\/\/shushufindi.gob.ec\/sitio\/2021\/01\/09\/shushufindi-recibe-la-declaracion-de-pueblo-magico-del-ecuador\/\"]}]},{\"@type\":\"ImageObject\",\"inLanguage\":\"es\",\"@id\":\"https:\/\/shushufindi.gob.ec\/sitio\/2021\/01\/09\/shushufindi-recibe-la-declaracion-de-pueblo-magico-del-ecuador\/#primaryimage\",\"url\":\"https:\/\/shushufindi.gob.ec\/sitio\/wp-content\/uploads\/2021\/01\/136945547_3935691286464562_7630403116300257059_o.jpg\",\"contentUrl\":\"https:\/\/shushufindi.gob.ec\/sitio\/wp-content\/uploads\/2021\/01\/136945547_3935691286464562_7630403116300257059_o.jpg\",\"width\":2048,\"height\":1204},{\"@type\":\"BreadcrumbList\",\"@id\":\"https:\/\/shushufindi.gob.ec\/sitio\/2021\/01\/09\/shushufindi-recibe-la-declaracion-de-pueblo-magico-del-ecuador\/#breadcrumb\",\"itemListElement\":[{\"@type\":\"ListItem\",\"position\":1,\"name\":\"Portada\",\"item\":\"https:\/\/shushufindi.gob.ec\/sitio\/\"},{\"@type\":\"ListItem\",\"position\":2,\"name\":\"SHUSHUFINDI RECIBE LA DECLARACI\u00d3N DE PUEBLO M\u00c1GICO DEL ECUADOR\"}]},{\"@type\":\"WebSite\",\"@id\":\"https:\/\/shushufindi.gob.ec\/sitio\/#website\",\"url\":\"https:\/\/shushufindi.gob.ec\/sitio\/\",\"name\":\"Municipio del Cant\u00f3n Shushufindi\",\"description\":\"GAD Municipal\",\"publisher\":{\"@id\":\"https:\/\/shushufindi.gob.ec\/sitio\/#organization\"},\"potentialAction\":[{\"@type\":\"SearchAction\",\"target\":{\"@type\":\"EntryPoint\",\"urlTemplate\":\"https:\/\/shushufindi.gob.ec\/sitio\/?s={search_term_string}\"},\"query-input\":{\"@type\":\"PropertyValueSpecification\",\"valueRequired\":true,\"valueName\":\"search_term_string\"}}],\"inLanguage\":\"es\"},{\"@type\":\"Organization\",\"@id\":\"https:\/\/shushufindi.gob.ec\/sitio\/#organization\",\"name\":\"Municipio del Cant\u00f3n Shushufindi\",\"url\":\"https:\/\/shushufindi.gob.ec\/sitio\/\",\"logo\":{\"@type\":\"ImageObject\",\"inLanguage\":\"es\",\"@id\":\"https:\/\/shushufindi.gob.ec\/sitio\/#\/schema\/logo\/image\/\",\"url\":\"http:\/\/shushufindi.gob.ec\/sitio\/wp-content\/uploads\/2023\/10\/favicon.jpg\",\"contentUrl\":\"http:\/\/shushufindi.gob.ec\/sitio\/wp-content\/uploads\/2023\/10\/favicon.jpg\",\"width\":100,\"height\":97,\"caption\":\"Municipio del Cant\u00f3n Shushufindi\"},\"image\":{\"@id\":\"https:\/\/shushufindi.gob.ec\/sitio\/#\/schema\/logo\/image\/\"}},{\"@type\":\"Person\",\"@id\":\"https:\/\/shushufindi.gob.ec\/sitio\/#\/schema\/person\/1a57fc2de5e474707728cf032b0a0811\",\"name\":\"Maria Elizabeth Chamba Loaiza\",\"image\":{\"@type\":\"ImageObject\",\"inLanguage\":\"es\",\"@id\":\"https:\/\/shushufindi.gob.ec\/sitio\/#\/schema\/person\/image\/\",\"url\":\"https:\/\/secure.gravatar.com\/avatar\/6276ff73d081c6a82a8b7fa51fd1786fea7dcd89c9d1eec0d3ed0f634d47bffb?s=96&d=mm&r=g\",\"contentUrl\":\"https:\/\/secure.gravatar.com\/avatar\/6276ff73d081c6a82a8b7fa51fd1786fea7dcd89c9d1eec0d3ed0f634d47bffb?s=96&d=mm&r=g\",\"caption\":\"Maria Elizabeth Chamba Loaiza\"},\"sameAs\":[\"https:\/\/www.shushufindi.gob.ec\"],\"url\":\"https:\/\/shushufindi.gob.ec\/sitio\/author\/mchamba\/\"}]}<\/script>\n<!-- \/ Yoast SEO plugin. -->","yoast_head_json":{"title":"SHUSHUFINDI RECIBE LA DECLARACI\u00d3N DE PUEBLO M\u00c1GICO DEL ECUADOR - Municipio del Cant\u00f3n Shushufindi","robots":{"index":"index","follow":"follow","max-snippet":"max-snippet:-1","max-image-preview":"max-image-preview:large","max-video-preview":"max-video-preview:-1"},"canonical":"https:\/\/shushufindi.gob.ec\/sitio\/2021\/01\/09\/shushufindi-recibe-la-declaracion-de-pueblo-magico-del-ecuador\/","og_locale":"es_ES","og_type":"article","og_title":"SHUSHUFINDI RECIBE LA DECLARACI\u00d3N DE PUEBLO M\u00c1GICO DEL ECUADOR - Municipio del Cant\u00f3n Shushufindi","og_url":"https:\/\/shushufindi.gob.ec\/sitio\/2021\/01\/09\/shushufindi-recibe-la-declaracion-de-pueblo-magico-del-ecuador\/","og_site_name":"Municipio del Cant\u00f3n Shushufindi","article_published_time":"2021-01-09T19:22:51+00:00","og_image":[{"width":2048,"height":1204,"url":"https:\/\/shushufindi.gob.ec\/sitio\/wp-content\/uploads\/2021\/01\/136945547_3935691286464562_7630403116300257059_o.jpg","type":"image\/jpeg"}],"author":"Maria Elizabeth Chamba Loaiza","twitter_card":"summary_large_image","twitter_misc":{"Escrito por":"Maria Elizabeth Chamba Loaiza","Tiempo de lectura":"1 minuto"},"schema":{"@context":"https:\/\/schema.org","@graph":[{"@type":"Article","@id":"https:\/\/shushufindi.gob.ec\/sitio\/2021\/01\/09\/shushufindi-recibe-la-declaracion-de-pueblo-magico-del-ecuador\/#article","isPartOf":{"@id":"https:\/\/shushufindi.gob.ec\/sitio\/2021\/01\/09\/shushufindi-recibe-la-declaracion-de-pueblo-magico-del-ecuador\/"},"author":{"name":"Maria Elizabeth Chamba Loaiza","@id":"https:\/\/shushufindi.gob.ec\/sitio\/#\/schema\/person\/1a57fc2de5e474707728cf032b0a0811"},"headline":"SHUSHUFINDI RECIBE LA DECLARACI\u00d3N DE PUEBLO M\u00c1GICO DEL ECUADOR","datePublished":"2021-01-09T19:22:51+00:00","mainEntityOfPage":{"@id":"https:\/\/shushufindi.gob.ec\/sitio\/2021\/01\/09\/shushufindi-recibe-la-declaracion-de-pueblo-magico-del-ecuador\/"},"wordCount":224,"publisher":{"@id":"https:\/\/shushufindi.gob.ec\/sitio\/#organization"},"image":{"@id":"https:\/\/shushufindi.gob.ec\/sitio\/2021\/01\/09\/shushufindi-recibe-la-declaracion-de-pueblo-magico-del-ecuador\/#primaryimage"},"thumbnailUrl":"https:\/\/shushufindi.gob.ec\/sitio\/wp-content\/uploads\/2021\/01\/136945547_3935691286464562_7630403116300257059_o.jpg","articleSection":["NOTICIAS"],"inLanguage":"es"},{"@type":"WebPage","@id":"https:\/\/shushufindi.gob.ec\/sitio\/2021\/01\/09\/shushufindi-recibe-la-declaracion-de-pueblo-magico-del-ecuador\/","url":"https:\/\/shushufindi.gob.ec\/sitio\/2021\/01\/09\/shushufindi-recibe-la-declaracion-de-pueblo-magico-del-ecuador\/","name":"SHUSHUFINDI RECIBE LA DECLARACI\u00d3N DE PUEBLO M\u00c1GICO DEL ECUADOR - Municipio del Cant\u00f3n Shushufindi","isPartOf":{"@id":"https:\/\/shushufindi.gob.ec\/sitio\/#website"},"primaryImageOfPage":{"@id":"https:\/\/shushufindi.gob.ec\/sitio\/2021\/01\/09\/shushufindi-recibe-la-declaracion-de-pueblo-magico-del-ecuador\/#primaryimage"},"image":{"@id":"https:\/\/shushufindi.gob.ec\/sitio\/2021\/01\/09\/shushufindi-recibe-la-declaracion-de-pueblo-magico-del-ecuador\/#primaryimage"},"thumbnailUrl":"https:\/\/shushufindi.gob.ec\/sitio\/wp-content\/uploads\/2021\/01\/136945547_3935691286464562_7630403116300257059_o.jpg","datePublished":"2021-01-09T19:22:51+00:00","breadcrumb":{"@id":"https:\/\/shushufindi.gob.ec\/sitio\/2021\/01\/09\/shushufindi-recibe-la-declaracion-de-pueblo-magico-del-ecuador\/#breadcrumb"},"inLanguage":"es","potentialAction":[{"@type":"ReadAction","target":["https:\/\/shushufindi.gob.ec\/sitio\/2021\/01\/09\/shushufindi-recibe-la-declaracion-de-pueblo-magico-del-ecuador\/"]}]},{"@type":"ImageObject","inLanguage":"es","@id":"https:\/\/shushufindi.gob.ec\/sitio\/2021\/01\/09\/shushufindi-recibe-la-declaracion-de-pueblo-magico-del-ecuador\/#primaryimage","url":"https:\/\/shushufindi.gob.ec\/sitio\/wp-content\/uploads\/2021\/01\/136945547_3935691286464562_7630403116300257059_o.jpg","contentUrl":"https:\/\/shushufindi.gob.ec\/sitio\/wp-content\/uploads\/2021\/01\/136945547_3935691286464562_7630403116300257059_o.jpg","width":2048,"height":1204},{"@type":"BreadcrumbList","@id":"https:\/\/shushufindi.gob.ec\/sitio\/2021\/01\/09\/shushufindi-recibe-la-declaracion-de-pueblo-magico-del-ecuador\/#breadcrumb","itemListElement":[{"@type":"ListItem","position":1,"name":"Portada","item":"https:\/\/shushufindi.gob.ec\/sitio\/"},{"@type":"ListItem","position":2,"name":"SHUSHUFINDI RECIBE LA DECLARACI\u00d3N DE PUEBLO M\u00c1GICO DEL ECUADOR"}]},{"@type":"WebSite","@id":"https:\/\/shushufindi.gob.ec\/sitio\/#website","url":"https:\/\/shushufindi.gob.ec\/sitio\/","name":"Municipio del Cant\u00f3n Shushufindi","description":"GAD Municipal","publisher":{"@id":"https:\/\/shushufindi.gob.ec\/sitio\/#organization"},"potentialAction":[{"@type":"SearchAction","target":{"@type":"EntryPoint","urlTemplate":"https:\/\/shushufindi.gob.ec\/sitio\/?s={search_term_string}"},"query-input":{"@type":"PropertyValueSpecification","valueRequired":true,"valueName":"search_term_string"}}],"inLanguage":"es"},{"@type":"Organization","@id":"https:\/\/shushufindi.gob.ec\/sitio\/#organization","name":"Municipio del Cant\u00f3n Shushufindi","url":"https:\/\/shushufindi.gob.ec\/sitio\/","logo":{"@type":"ImageObject","inLanguage":"es","@id":"https:\/\/shushufindi.gob.ec\/sitio\/#\/schema\/logo\/image\/","url":"http:\/\/shushufindi.gob.ec\/sitio\/wp-content\/uploads\/2023\/10\/favicon.jpg","contentUrl":"http:\/\/shushufindi.gob.ec\/sitio\/wp-content\/uploads\/2023\/10\/favicon.jpg","width":100,"height":97,"caption":"Municipio del Cant\u00f3n Shushufindi"},"image":{"@id":"https:\/\/shushufindi.gob.ec\/sitio\/#\/schema\/logo\/image\/"}},{"@type":"Person","@id":"https:\/\/shushufindi.gob.ec\/sitio\/#\/schema\/person\/1a57fc2de5e474707728cf032b0a0811","name":"Maria Elizabeth Chamba Loaiza","image":{"@type":"ImageObject","inLanguage":"es","@id":"https:\/\/shushufindi.gob.ec\/sitio\/#\/schema\/person\/image\/","url":"https:\/\/secure.gravatar.com\/avatar\/6276ff73d081c6a82a8b7fa51fd1786fea7dcd89c9d1eec0d3ed0f634d47bffb?s=96&d=mm&r=g","contentUrl":"https:\/\/secure.gravatar.com\/avatar\/6276ff73d081c6a82a8b7fa51fd1786fea7dcd89c9d1eec0d3ed0f634d47bffb?s=96&d=mm&r=g","caption":"Maria Elizabeth Chamba Loaiza"},"sameAs":["https:\/\/www.shushufindi.gob.ec"],"url":"https:\/\/shushufindi.gob.ec\/sitio\/author\/mchamba\/"}]}},"jetpack_featured_media_url":"https:\/\/shushufindi.gob.ec\/sitio\/wp-content\/uploads\/2021\/01\/136945547_3935691286464562_7630403116300257059_o.jpg","_links":{"self":[{"href":"https:\/\/shushufindi.gob.ec\/sitio\/wp-json\/wp\/v2\/posts\/30079","targetHints":{"allow":["GET"]}}],"collection":[{"href":"https:\/\/shushufindi.gob.ec\/sitio\/wp-json\/wp\/v2\/posts"}],"about":[{"href":"https:\/\/shushufindi.gob.ec\/sitio\/wp-json\/wp\/v2\/types\/post"}],"author":[{"embeddable":true,"href":"https:\/\/shushufindi.gob.ec\/sitio\/wp-json\/wp\/v2\/users\/13"}],"replies":[{"embeddable":true,"href":"https:\/\/shushufindi.gob.ec\/sitio\/wp-json\/wp\/v2\/comments?post=30079"}],"version-history":[{"count":0,"href":"https:\/\/shushufindi.gob.ec\/sitio\/wp-json\/wp\/v2\/posts\/30079\/revisions"}],"wp:featuredmedia":[{"embeddable":true,"href":"https:\/\/shushufindi.gob.ec\/sitio\/wp-json\/wp\/v2\/media\/29968"}],"wp:attachment":[{"href":"https:\/\/shushufindi.gob.ec\/sitio\/wp-json\/wp\/v2\/media?parent=30079"}],"wp:term":[{"taxonomy":"category","embeddable":true,"href":"https:\/\/shushufindi.gob.ec\/sitio\/wp-json\/wp\/v2\/categories?post=30079"},{"taxonomy":"post_tag","embeddable":true,"href":"https:\/\/shushufindi.gob.ec\/sitio\/wp-json\/wp\/v2\/tags?post=30079"}],"curies":[{"name":"wp","href":"https:\/\/api.w.org\/{rel}","templated":true}]}}