{"id":30418,"date":"2018-10-03T20:30:37","date_gmt":"2018-10-03T20:30:37","guid":{"rendered":"http:\/\/shushufindi.gob.ec\/portal\/?p=16844"},"modified":"2018-10-03T20:30:37","modified_gmt":"2018-10-03T20:30:37","slug":"estudiantes-forman-parte-de-la-campana-de-educacion-ambiental-para-el-manejo-integral-de-residuos-solidos","status":"publish","type":"post","link":"https:\/\/shushufindi.gob.ec\/sitio\/2018\/10\/03\/estudiantes-forman-parte-de-la-campana-de-educacion-ambiental-para-el-manejo-integral-de-residuos-solidos\/","title":{"rendered":"ESTUDIANTES FORMAN PARTE DE LA\u00a0 CAMPA\u00d1A DE EDUCACI\u00d3N AMBIENTAL PARA EL MANEJO INTEGRAL DE RESIDUOS S\u00d3LIDOS"},"content":{"rendered":"<p style=\"text-align: justify;\">Con el fin de generar h\u00e1bitos adecuados y concientizar en la preservaci\u00f3n del medio ambiente en temas como el manejo adecuado de los residuos s\u00f3lidos (basura), t\u00e9cnicos de la Direcci\u00f3n de Medio Ambiente del GAD Shushufindi, iniciaron la campa\u00f1a denominada, RECICLA CON HECHOS.<\/p>\n<p style=\"text-align: justify;\">Este trabajo se realiza en diferentes sitios del cant\u00f3n, as\u00ed como a los estudiantes de varias instituciones educativas del cant\u00f3n.<\/p>\n<p style=\"text-align: justify;\">Los primeros alumnos en recibir la informaci\u00f3n fueron las ni\u00f1as, ni\u00f1os y adolescentes de la Unidad Educativa 11 de Julio, quienes conocieron y participaron activamente de estas actividades.<\/p>\n<p style=\"text-align: justify;\">La campa\u00f1a se realiza en el marco de la Construcci\u00f3n del Sistema Integral de Sistemas de Desechos Solidos, obra de la Alcald\u00eda de Shushufindi, que permiten tener un entorno saludable y mejora la calidad de vida.<\/p>\n<p><img loading=\"lazy\" decoding=\"async\" class=\"alignnone size-medium wp-image-16845\" src=\"http:\/\/shushufindi.gob.ec\/portal\/wp-content\/uploads\/2018\/10\/43023509_856168274771383_6103488379788197888_n-300x200.jpg\" alt=\"\" width=\"300\" height=\"200\"\/><\/p>\n","protected":false},"excerpt":{"rendered":"<p>Con el fin de generar h\u00e1bitos adecuados y concientizar en la preservaci\u00f3n del medio ambiente en temas como el manejo<\/p>\n","protected":false},"author":9,"featured_media":0,"comment_status":"closed","ping_status":"closed","sticky":false,"template":"","format":"aside","meta":{"_monsterinsights_skip_tracking":false,"_monsterinsights_sitenote_active":false,"_monsterinsights_sitenote_note":"","_monsterinsights_sitenote_category":0,"_joinchat":[],"footnotes":""},"categories":[3],"tags":[],"class_list":["post-30418","post","type-post","status-publish","format-aside","hentry","category-noticias","post_format-post-format-aside"],"yoast_head":"<!-- This site is optimized with the Yoast SEO plugin v25.8 - https:\/\/yoast.com\/wordpress\/plugins\/seo\/ -->\n<title>ESTUDIANTES FORMAN PARTE DE LA\u00a0 CAMPA\u00d1A DE EDUCACI\u00d3N AMBIENTAL PARA EL MANEJO INTEGRAL DE RESIDUOS S\u00d3LIDOS - Municipio del Cant\u00f3n Shushufindi<\/title>\n<meta name=\"robots\" content=\"index, follow, max-snippet:-1, max-image-preview:large, max-video-preview:-1\" \/>\n<link rel=\"canonical\" href=\"https:\/\/shushufindi.gob.ec\/sitio\/2018\/10\/03\/estudiantes-forman-parte-de-la-campana-de-educacion-ambiental-para-el-manejo-integral-de-residuos-solidos\/\" \/>\n<meta property=\"og:locale\" content=\"es_ES\" \/>\n<meta property=\"og:type\" content=\"article\" \/>\n<meta property=\"og:title\" content=\"ESTUDIANTES FORMAN PARTE DE LA\u00a0 CAMPA\u00d1A DE EDUCACI\u00d3N AMBIENTAL PARA EL MANEJO INTEGRAL DE RESIDUOS S\u00d3LIDOS - Municipio del Cant\u00f3n Shushufindi\" \/>\n<meta property=\"og:description\" content=\"Con el fin de generar h\u00e1bitos adecuados y concientizar en la preservaci\u00f3n del medio ambiente en temas como el manejo\" \/>\n<meta property=\"og:url\" content=\"https:\/\/shushufindi.gob.ec\/sitio\/2018\/10\/03\/estudiantes-forman-parte-de-la-campana-de-educacion-ambiental-para-el-manejo-integral-de-residuos-solidos\/\" \/>\n<meta property=\"og:site_name\" content=\"Municipio del Cant\u00f3n Shushufindi\" \/>\n<meta property=\"article:published_time\" content=\"2018-10-03T20:30:37+00:00\" \/>\n<meta property=\"og:image\" content=\"http:\/\/shushufindi.gob.ec\/portal\/wp-content\/uploads\/2018\/10\/43023509_856168274771383_6103488379788197888_n-300x200.jpg\" \/>\n<meta name=\"author\" content=\"DANNY ALCIVAR MONAR\" \/>\n<meta name=\"twitter:card\" content=\"summary_large_image\" \/>\n<meta name=\"twitter:label1\" content=\"Escrito por\" \/>\n\t<meta name=\"twitter:data1\" content=\"DANNY ALCIVAR MONAR\" \/>\n\t<meta name=\"twitter:label2\" content=\"Tiempo de lectura\" \/>\n\t<meta name=\"twitter:data2\" content=\"1 minuto\" \/>\n<script type=\"application\/ld+json\" class=\"yoast-schema-graph\">{\"@context\":\"https:\/\/schema.org\",\"@graph\":[{\"@type\":\"Article\",\"@id\":\"https:\/\/shushufindi.gob.ec\/sitio\/2018\/10\/03\/estudiantes-forman-parte-de-la-campana-de-educacion-ambiental-para-el-manejo-integral-de-residuos-solidos\/#article\",\"isPartOf\":{\"@id\":\"https:\/\/shushufindi.gob.ec\/sitio\/2018\/10\/03\/estudiantes-forman-parte-de-la-campana-de-educacion-ambiental-para-el-manejo-integral-de-residuos-solidos\/\"},\"author\":{\"name\":\"DANNY ALCIVAR MONAR\",\"@id\":\"https:\/\/shushufindi.gob.ec\/sitio\/#\/schema\/person\/3f6c54724f0e086e15497a6757c1d89a\"},\"headline\":\"ESTUDIANTES FORMAN PARTE DE LA\u00a0 CAMPA\u00d1A DE EDUCACI\u00d3N AMBIENTAL PARA EL MANEJO INTEGRAL DE RESIDUOS S\u00d3LIDOS\",\"datePublished\":\"2018-10-03T20:30:37+00:00\",\"mainEntityOfPage\":{\"@id\":\"https:\/\/shushufindi.gob.ec\/sitio\/2018\/10\/03\/estudiantes-forman-parte-de-la-campana-de-educacion-ambiental-para-el-manejo-integral-de-residuos-solidos\/\"},\"wordCount\":159,\"publisher\":{\"@id\":\"https:\/\/shushufindi.gob.ec\/sitio\/#organization\"},\"image\":{\"@id\":\"https:\/\/shushufindi.gob.ec\/sitio\/2018\/10\/03\/estudiantes-forman-parte-de-la-campana-de-educacion-ambiental-para-el-manejo-integral-de-residuos-solidos\/#primaryimage\"},\"thumbnailUrl\":\"http:\/\/shushufindi.gob.ec\/portal\/wp-content\/uploads\/2018\/10\/43023509_856168274771383_6103488379788197888_n-300x200.jpg\",\"articleSection\":[\"NOTICIAS\"],\"inLanguage\":\"es\"},{\"@type\":\"WebPage\",\"@id\":\"https:\/\/shushufindi.gob.ec\/sitio\/2018\/10\/03\/estudiantes-forman-parte-de-la-campana-de-educacion-ambiental-para-el-manejo-integral-de-residuos-solidos\/\",\"url\":\"https:\/\/shushufindi.gob.ec\/sitio\/2018\/10\/03\/estudiantes-forman-parte-de-la-campana-de-educacion-ambiental-para-el-manejo-integral-de-residuos-solidos\/\",\"name\":\"ESTUDIANTES FORMAN PARTE DE LA\u00a0 CAMPA\u00d1A DE EDUCACI\u00d3N AMBIENTAL PARA EL MANEJO INTEGRAL DE RESIDUOS S\u00d3LIDOS - Municipio del Cant\u00f3n Shushufindi\",\"isPartOf\":{\"@id\":\"https:\/\/shushufindi.gob.ec\/sitio\/#website\"},\"primaryImageOfPage\":{\"@id\":\"https:\/\/shushufindi.gob.ec\/sitio\/2018\/10\/03\/estudiantes-forman-parte-de-la-campana-de-educacion-ambiental-para-el-manejo-integral-de-residuos-solidos\/#primaryimage\"},\"image\":{\"@id\":\"https:\/\/shushufindi.gob.ec\/sitio\/2018\/10\/03\/estudiantes-forman-parte-de-la-campana-de-educacion-ambiental-para-el-manejo-integral-de-residuos-solidos\/#primaryimage\"},\"thumbnailUrl\":\"http:\/\/shushufindi.gob.ec\/portal\/wp-content\/uploads\/2018\/10\/43023509_856168274771383_6103488379788197888_n-300x200.jpg\",\"datePublished\":\"2018-10-03T20:30:37+00:00\",\"breadcrumb\":{\"@id\":\"https:\/\/shushufindi.gob.ec\/sitio\/2018\/10\/03\/estudiantes-forman-parte-de-la-campana-de-educacion-ambiental-para-el-manejo-integral-de-residuos-solidos\/#breadcrumb\"},\"inLanguage\":\"es\",\"potentialAction\":[{\"@type\":\"ReadAction\",\"target\":[\"https:\/\/shushufindi.gob.ec\/sitio\/2018\/10\/03\/estudiantes-forman-parte-de-la-campana-de-educacion-ambiental-para-el-manejo-integral-de-residuos-solidos\/\"]}]},{\"@type\":\"ImageObject\",\"inLanguage\":\"es\",\"@id\":\"https:\/\/shushufindi.gob.ec\/sitio\/2018\/10\/03\/estudiantes-forman-parte-de-la-campana-de-educacion-ambiental-para-el-manejo-integral-de-residuos-solidos\/#primaryimage\",\"url\":\"http:\/\/shushufindi.gob.ec\/portal\/wp-content\/uploads\/2018\/10\/43023509_856168274771383_6103488379788197888_n-300x200.jpg\",\"contentUrl\":\"http:\/\/shushufindi.gob.ec\/portal\/wp-content\/uploads\/2018\/10\/43023509_856168274771383_6103488379788197888_n-300x200.jpg\"},{\"@type\":\"BreadcrumbList\",\"@id\":\"https:\/\/shushufindi.gob.ec\/sitio\/2018\/10\/03\/estudiantes-forman-parte-de-la-campana-de-educacion-ambiental-para-el-manejo-integral-de-residuos-solidos\/#breadcrumb\",\"itemListElement\":[{\"@type\":\"ListItem\",\"position\":1,\"name\":\"Portada\",\"item\":\"https:\/\/shushufindi.gob.ec\/sitio\/\"},{\"@type\":\"ListItem\",\"position\":2,\"name\":\"ESTUDIANTES FORMAN PARTE DE LA\u00a0 CAMPA\u00d1A DE EDUCACI\u00d3N AMBIENTAL PARA EL MANEJO INTEGRAL DE RESIDUOS S\u00d3LIDOS\"}]},{\"@type\":\"WebSite\",\"@id\":\"https:\/\/shushufindi.gob.ec\/sitio\/#website\",\"url\":\"https:\/\/shushufindi.gob.ec\/sitio\/\",\"name\":\"Municipio del Cant\u00f3n Shushufindi\",\"description\":\"GAD Municipal\",\"publisher\":{\"@id\":\"https:\/\/shushufindi.gob.ec\/sitio\/#organization\"},\"potentialAction\":[{\"@type\":\"SearchAction\",\"target\":{\"@type\":\"EntryPoint\",\"urlTemplate\":\"https:\/\/shushufindi.gob.ec\/sitio\/?s={search_term_string}\"},\"query-input\":{\"@type\":\"PropertyValueSpecification\",\"valueRequired\":true,\"valueName\":\"search_term_string\"}}],\"inLanguage\":\"es\"},{\"@type\":\"Organization\",\"@id\":\"https:\/\/shushufindi.gob.ec\/sitio\/#organization\",\"name\":\"Municipio del Cant\u00f3n Shushufindi\",\"url\":\"https:\/\/shushufindi.gob.ec\/sitio\/\",\"logo\":{\"@type\":\"ImageObject\",\"inLanguage\":\"es\",\"@id\":\"https:\/\/shushufindi.gob.ec\/sitio\/#\/schema\/logo\/image\/\",\"url\":\"http:\/\/shushufindi.gob.ec\/sitio\/wp-content\/uploads\/2023\/10\/favicon.jpg\",\"contentUrl\":\"http:\/\/shushufindi.gob.ec\/sitio\/wp-content\/uploads\/2023\/10\/favicon.jpg\",\"width\":100,\"height\":97,\"caption\":\"Municipio del Cant\u00f3n Shushufindi\"},\"image\":{\"@id\":\"https:\/\/shushufindi.gob.ec\/sitio\/#\/schema\/logo\/image\/\"}},{\"@type\":\"Person\",\"@id\":\"https:\/\/shushufindi.gob.ec\/sitio\/#\/schema\/person\/3f6c54724f0e086e15497a6757c1d89a\",\"name\":\"DANNY ALCIVAR MONAR\",\"image\":{\"@type\":\"ImageObject\",\"inLanguage\":\"es\",\"@id\":\"https:\/\/shushufindi.gob.ec\/sitio\/#\/schema\/person\/image\/\",\"url\":\"https:\/\/secure.gravatar.com\/avatar\/f637caee5b53dfb7684fc99a8dfaeef88cd904569e50bdb4dd588545b9e80dcf?s=96&d=mm&r=g\",\"contentUrl\":\"https:\/\/secure.gravatar.com\/avatar\/f637caee5b53dfb7684fc99a8dfaeef88cd904569e50bdb4dd588545b9e80dcf?s=96&d=mm&r=g\",\"caption\":\"DANNY ALCIVAR MONAR\"},\"url\":\"https:\/\/shushufindi.gob.ec\/sitio\/author\/mdanny\/\"}]}<\/script>\n<!-- \/ Yoast SEO plugin. -->","yoast_head_json":{"title":"ESTUDIANTES FORMAN PARTE DE LA\u00a0 CAMPA\u00d1A DE EDUCACI\u00d3N AMBIENTAL PARA EL MANEJO INTEGRAL DE RESIDUOS S\u00d3LIDOS - Municipio del Cant\u00f3n Shushufindi","robots":{"index":"index","follow":"follow","max-snippet":"max-snippet:-1","max-image-preview":"max-image-preview:large","max-video-preview":"max-video-preview:-1"},"canonical":"https:\/\/shushufindi.gob.ec\/sitio\/2018\/10\/03\/estudiantes-forman-parte-de-la-campana-de-educacion-ambiental-para-el-manejo-integral-de-residuos-solidos\/","og_locale":"es_ES","og_type":"article","og_title":"ESTUDIANTES FORMAN PARTE DE LA\u00a0 CAMPA\u00d1A DE EDUCACI\u00d3N AMBIENTAL PARA EL MANEJO INTEGRAL DE RESIDUOS S\u00d3LIDOS - Municipio del Cant\u00f3n Shushufindi","og_description":"Con el fin de generar h\u00e1bitos adecuados y concientizar en la preservaci\u00f3n del medio ambiente en temas como el manejo","og_url":"https:\/\/shushufindi.gob.ec\/sitio\/2018\/10\/03\/estudiantes-forman-parte-de-la-campana-de-educacion-ambiental-para-el-manejo-integral-de-residuos-solidos\/","og_site_name":"Municipio del Cant\u00f3n Shushufindi","article_published_time":"2018-10-03T20:30:37+00:00","og_image":[{"url":"http:\/\/shushufindi.gob.ec\/portal\/wp-content\/uploads\/2018\/10\/43023509_856168274771383_6103488379788197888_n-300x200.jpg","type":"","width":"","height":""}],"author":"DANNY ALCIVAR MONAR","twitter_card":"summary_large_image","twitter_misc":{"Escrito por":"DANNY ALCIVAR MONAR","Tiempo de lectura":"1 minuto"},"schema":{"@context":"https:\/\/schema.org","@graph":[{"@type":"Article","@id":"https:\/\/shushufindi.gob.ec\/sitio\/2018\/10\/03\/estudiantes-forman-parte-de-la-campana-de-educacion-ambiental-para-el-manejo-integral-de-residuos-solidos\/#article","isPartOf":{"@id":"https:\/\/shushufindi.gob.ec\/sitio\/2018\/10\/03\/estudiantes-forman-parte-de-la-campana-de-educacion-ambiental-para-el-manejo-integral-de-residuos-solidos\/"},"author":{"name":"DANNY ALCIVAR MONAR","@id":"https:\/\/shushufindi.gob.ec\/sitio\/#\/schema\/person\/3f6c54724f0e086e15497a6757c1d89a"},"headline":"ESTUDIANTES FORMAN PARTE DE LA\u00a0 CAMPA\u00d1A DE EDUCACI\u00d3N AMBIENTAL PARA EL MANEJO INTEGRAL DE RESIDUOS S\u00d3LIDOS","datePublished":"2018-10-03T20:30:37+00:00","mainEntityOfPage":{"@id":"https:\/\/shushufindi.gob.ec\/sitio\/2018\/10\/03\/estudiantes-forman-parte-de-la-campana-de-educacion-ambiental-para-el-manejo-integral-de-residuos-solidos\/"},"wordCount":159,"publisher":{"@id":"https:\/\/shushufindi.gob.ec\/sitio\/#organization"},"image":{"@id":"https:\/\/shushufindi.gob.ec\/sitio\/2018\/10\/03\/estudiantes-forman-parte-de-la-campana-de-educacion-ambiental-para-el-manejo-integral-de-residuos-solidos\/#primaryimage"},"thumbnailUrl":"http:\/\/shushufindi.gob.ec\/portal\/wp-content\/uploads\/2018\/10\/43023509_856168274771383_6103488379788197888_n-300x200.jpg","articleSection":["NOTICIAS"],"inLanguage":"es"},{"@type":"WebPage","@id":"https:\/\/shushufindi.gob.ec\/sitio\/2018\/10\/03\/estudiantes-forman-parte-de-la-campana-de-educacion-ambiental-para-el-manejo-integral-de-residuos-solidos\/","url":"https:\/\/shushufindi.gob.ec\/sitio\/2018\/10\/03\/estudiantes-forman-parte-de-la-campana-de-educacion-ambiental-para-el-manejo-integral-de-residuos-solidos\/","name":"ESTUDIANTES FORMAN PARTE DE LA\u00a0 CAMPA\u00d1A DE EDUCACI\u00d3N AMBIENTAL PARA EL MANEJO INTEGRAL DE RESIDUOS S\u00d3LIDOS - Municipio del Cant\u00f3n Shushufindi","isPartOf":{"@id":"https:\/\/shushufindi.gob.ec\/sitio\/#website"},"primaryImageOfPage":{"@id":"https:\/\/shushufindi.gob.ec\/sitio\/2018\/10\/03\/estudiantes-forman-parte-de-la-campana-de-educacion-ambiental-para-el-manejo-integral-de-residuos-solidos\/#primaryimage"},"image":{"@id":"https:\/\/shushufindi.gob.ec\/sitio\/2018\/10\/03\/estudiantes-forman-parte-de-la-campana-de-educacion-ambiental-para-el-manejo-integral-de-residuos-solidos\/#primaryimage"},"thumbnailUrl":"http:\/\/shushufindi.gob.ec\/portal\/wp-content\/uploads\/2018\/10\/43023509_856168274771383_6103488379788197888_n-300x200.jpg","datePublished":"2018-10-03T20:30:37+00:00","breadcrumb":{"@id":"https:\/\/shushufindi.gob.ec\/sitio\/2018\/10\/03\/estudiantes-forman-parte-de-la-campana-de-educacion-ambiental-para-el-manejo-integral-de-residuos-solidos\/#breadcrumb"},"inLanguage":"es","potentialAction":[{"@type":"ReadAction","target":["https:\/\/shushufindi.gob.ec\/sitio\/2018\/10\/03\/estudiantes-forman-parte-de-la-campana-de-educacion-ambiental-para-el-manejo-integral-de-residuos-solidos\/"]}]},{"@type":"ImageObject","inLanguage":"es","@id":"https:\/\/shushufindi.gob.ec\/sitio\/2018\/10\/03\/estudiantes-forman-parte-de-la-campana-de-educacion-ambiental-para-el-manejo-integral-de-residuos-solidos\/#primaryimage","url":"http:\/\/shushufindi.gob.ec\/portal\/wp-content\/uploads\/2018\/10\/43023509_856168274771383_6103488379788197888_n-300x200.jpg","contentUrl":"http:\/\/shushufindi.gob.ec\/portal\/wp-content\/uploads\/2018\/10\/43023509_856168274771383_6103488379788197888_n-300x200.jpg"},{"@type":"BreadcrumbList","@id":"https:\/\/shushufindi.gob.ec\/sitio\/2018\/10\/03\/estudiantes-forman-parte-de-la-campana-de-educacion-ambiental-para-el-manejo-integral-de-residuos-solidos\/#breadcrumb","itemListElement":[{"@type":"ListItem","position":1,"name":"Portada","item":"https:\/\/shushufindi.gob.ec\/sitio\/"},{"@type":"ListItem","position":2,"name":"ESTUDIANTES FORMAN PARTE DE LA\u00a0 CAMPA\u00d1A DE EDUCACI\u00d3N AMBIENTAL PARA EL MANEJO INTEGRAL DE RESIDUOS S\u00d3LIDOS"}]},{"@type":"WebSite","@id":"https:\/\/shushufindi.gob.ec\/sitio\/#website","url":"https:\/\/shushufindi.gob.ec\/sitio\/","name":"Municipio del Cant\u00f3n Shushufindi","description":"GAD Municipal","publisher":{"@id":"https:\/\/shushufindi.gob.ec\/sitio\/#organization"},"potentialAction":[{"@type":"SearchAction","target":{"@type":"EntryPoint","urlTemplate":"https:\/\/shushufindi.gob.ec\/sitio\/?s={search_term_string}"},"query-input":{"@type":"PropertyValueSpecification","valueRequired":true,"valueName":"search_term_string"}}],"inLanguage":"es"},{"@type":"Organization","@id":"https:\/\/shushufindi.gob.ec\/sitio\/#organization","name":"Municipio del Cant\u00f3n Shushufindi","url":"https:\/\/shushufindi.gob.ec\/sitio\/","logo":{"@type":"ImageObject","inLanguage":"es","@id":"https:\/\/shushufindi.gob.ec\/sitio\/#\/schema\/logo\/image\/","url":"http:\/\/shushufindi.gob.ec\/sitio\/wp-content\/uploads\/2023\/10\/favicon.jpg","contentUrl":"http:\/\/shushufindi.gob.ec\/sitio\/wp-content\/uploads\/2023\/10\/favicon.jpg","width":100,"height":97,"caption":"Municipio del Cant\u00f3n Shushufindi"},"image":{"@id":"https:\/\/shushufindi.gob.ec\/sitio\/#\/schema\/logo\/image\/"}},{"@type":"Person","@id":"https:\/\/shushufindi.gob.ec\/sitio\/#\/schema\/person\/3f6c54724f0e086e15497a6757c1d89a","name":"DANNY ALCIVAR MONAR","image":{"@type":"ImageObject","inLanguage":"es","@id":"https:\/\/shushufindi.gob.ec\/sitio\/#\/schema\/person\/image\/","url":"https:\/\/secure.gravatar.com\/avatar\/f637caee5b53dfb7684fc99a8dfaeef88cd904569e50bdb4dd588545b9e80dcf?s=96&d=mm&r=g","contentUrl":"https:\/\/secure.gravatar.com\/avatar\/f637caee5b53dfb7684fc99a8dfaeef88cd904569e50bdb4dd588545b9e80dcf?s=96&d=mm&r=g","caption":"DANNY ALCIVAR MONAR"},"url":"https:\/\/shushufindi.gob.ec\/sitio\/author\/mdanny\/"}]}},"jetpack_featured_media_url":"","_links":{"self":[{"href":"https:\/\/shushufindi.gob.ec\/sitio\/wp-json\/wp\/v2\/posts\/30418","targetHints":{"allow":["GET"]}}],"collection":[{"href":"https:\/\/shushufindi.gob.ec\/sitio\/wp-json\/wp\/v2\/posts"}],"about":[{"href":"https:\/\/shushufindi.gob.ec\/sitio\/wp-json\/wp\/v2\/types\/post"}],"author":[{"embeddable":true,"href":"https:\/\/shushufindi.gob.ec\/sitio\/wp-json\/wp\/v2\/users\/9"}],"replies":[{"embeddable":true,"href":"https:\/\/shushufindi.gob.ec\/sitio\/wp-json\/wp\/v2\/comments?post=30418"}],"version-history":[{"count":0,"href":"https:\/\/shushufindi.gob.ec\/sitio\/wp-json\/wp\/v2\/posts\/30418\/revisions"}],"wp:attachment":[{"href":"https:\/\/shushufindi.gob.ec\/sitio\/wp-json\/wp\/v2\/media?parent=30418"}],"wp:term":[{"taxonomy":"category","embeddable":true,"href":"https:\/\/shushufindi.gob.ec\/sitio\/wp-json\/wp\/v2\/categories?post=30418"},{"taxonomy":"post_tag","embeddable":true,"href":"https:\/\/shushufindi.gob.ec\/sitio\/wp-json\/wp\/v2\/tags?post=30418"}],"curies":[{"name":"wp","href":"https:\/\/api.w.org\/{rel}","templated":true}]}}