{"id":30534,"date":"2018-08-17T13:53:14","date_gmt":"2018-08-17T13:53:14","guid":{"rendered":"http:\/\/shushufindi.gob.ec\/portal\/?p=16327"},"modified":"2018-08-17T13:53:14","modified_gmt":"2018-08-17T13:53:14","slug":"recinto-luis-vargas-torres-se-prepara-para-recibir-planta-de-tratamiento-de-aguas-residuales","status":"publish","type":"post","link":"https:\/\/shushufindi.gob.ec\/sitio\/2018\/08\/17\/recinto-luis-vargas-torres-se-prepara-para-recibir-planta-de-tratamiento-de-aguas-residuales\/","title":{"rendered":"RECINTO LUIS VARGAS TORRES SE PREPARA PARA RECIBIR PLANTA DE TRATAMIENTO DE AGUAS RESIDUALES"},"content":{"rendered":"<p style=\"text-align: justify;\">Una obra de gran importancia, recibir\u00e1n los moradores del recinto Luis Vargas Torres, quienes por varios a\u00f1os tuvieron dificultades con el tratamiento de las aguas residuales, el cual lo realizaban por medio de un sistema de biodigestores nada funcional.<\/p>\n<p style=\"text-align: justify;\">Con el objetivo de brindar una soluci\u00f3n a este problema, el Gobierno Municipal de Shushufindi construy\u00f3 una moderna y eficiente planta de tratamiento de aguas residuales, cuyos trabajos ya finalizaron. En ese sentido esta tarde, t\u00e9cnicos del Municipio y de la empresa contratista se reunieron con los moradores del sector para dar a conocer las instalaciones y el funcionamiento de la planta que beneficiar\u00e1 a alrededor de 400 personas.<\/p>\n<p style=\"text-align: justify;\">Atilio Salas, presidente del sector, se comprometi\u00f3 a cuidar en conjunto con sus vecinos este sistema para que permanezca funcional los a\u00f1os que tiene previsto su uso.<\/p>\n<p><img loading=\"lazy\" decoding=\"async\" class=\"alignnone size-medium wp-image-16328\" src=\"http:\/\/shushufindi.gob.ec\/portal\/wp-content\/uploads\/2018\/08\/IMG_4578-300x200.jpg\" alt=\"\" width=\"300\" height=\"200\"\/><\/p>\n","protected":false},"excerpt":{"rendered":"<p>Una obra de gran importancia, recibir\u00e1n los moradores del recinto Luis Vargas Torres, quienes por varios a\u00f1os tuvieron dificultades con<\/p>\n","protected":false},"author":9,"featured_media":0,"comment_status":"closed","ping_status":"closed","sticky":false,"template":"","format":"aside","meta":{"_monsterinsights_skip_tracking":false,"_monsterinsights_sitenote_active":false,"_monsterinsights_sitenote_note":"","_monsterinsights_sitenote_category":0,"_joinchat":[],"footnotes":""},"categories":[3],"tags":[],"class_list":["post-30534","post","type-post","status-publish","format-aside","hentry","category-noticias","post_format-post-format-aside"],"yoast_head":"<!-- This site is optimized with the Yoast SEO plugin v25.8 - https:\/\/yoast.com\/wordpress\/plugins\/seo\/ -->\n<title>RECINTO LUIS VARGAS TORRES SE PREPARA PARA RECIBIR PLANTA DE TRATAMIENTO DE AGUAS RESIDUALES - Municipio del Cant\u00f3n Shushufindi<\/title>\n<meta name=\"robots\" content=\"index, follow, max-snippet:-1, max-image-preview:large, max-video-preview:-1\" \/>\n<link rel=\"canonical\" href=\"https:\/\/shushufindi.gob.ec\/sitio\/2018\/08\/17\/recinto-luis-vargas-torres-se-prepara-para-recibir-planta-de-tratamiento-de-aguas-residuales\/\" \/>\n<meta property=\"og:locale\" content=\"es_ES\" \/>\n<meta property=\"og:type\" content=\"article\" \/>\n<meta property=\"og:title\" content=\"RECINTO LUIS VARGAS TORRES SE PREPARA PARA RECIBIR PLANTA DE TRATAMIENTO DE AGUAS RESIDUALES - Municipio del Cant\u00f3n Shushufindi\" \/>\n<meta property=\"og:description\" content=\"Una obra de gran importancia, recibir\u00e1n los moradores del recinto Luis Vargas Torres, quienes por varios a\u00f1os tuvieron dificultades con\" \/>\n<meta property=\"og:url\" content=\"https:\/\/shushufindi.gob.ec\/sitio\/2018\/08\/17\/recinto-luis-vargas-torres-se-prepara-para-recibir-planta-de-tratamiento-de-aguas-residuales\/\" \/>\n<meta property=\"og:site_name\" content=\"Municipio del Cant\u00f3n Shushufindi\" \/>\n<meta property=\"article:published_time\" content=\"2018-08-17T13:53:14+00:00\" \/>\n<meta property=\"og:image\" content=\"http:\/\/shushufindi.gob.ec\/portal\/wp-content\/uploads\/2018\/08\/IMG_4578-300x200.jpg\" \/>\n<meta name=\"author\" content=\"DANNY ALCIVAR MONAR\" \/>\n<meta name=\"twitter:card\" content=\"summary_large_image\" \/>\n<meta name=\"twitter:label1\" content=\"Escrito por\" \/>\n\t<meta name=\"twitter:data1\" content=\"DANNY ALCIVAR MONAR\" \/>\n\t<meta name=\"twitter:label2\" content=\"Tiempo de lectura\" \/>\n\t<meta name=\"twitter:data2\" content=\"1 minuto\" \/>\n<script type=\"application\/ld+json\" class=\"yoast-schema-graph\">{\"@context\":\"https:\/\/schema.org\",\"@graph\":[{\"@type\":\"Article\",\"@id\":\"https:\/\/shushufindi.gob.ec\/sitio\/2018\/08\/17\/recinto-luis-vargas-torres-se-prepara-para-recibir-planta-de-tratamiento-de-aguas-residuales\/#article\",\"isPartOf\":{\"@id\":\"https:\/\/shushufindi.gob.ec\/sitio\/2018\/08\/17\/recinto-luis-vargas-torres-se-prepara-para-recibir-planta-de-tratamiento-de-aguas-residuales\/\"},\"author\":{\"name\":\"DANNY ALCIVAR MONAR\",\"@id\":\"https:\/\/shushufindi.gob.ec\/sitio\/#\/schema\/person\/3f6c54724f0e086e15497a6757c1d89a\"},\"headline\":\"RECINTO LUIS VARGAS TORRES SE PREPARA PARA RECIBIR PLANTA DE TRATAMIENTO DE AGUAS RESIDUALES\",\"datePublished\":\"2018-08-17T13:53:14+00:00\",\"mainEntityOfPage\":{\"@id\":\"https:\/\/shushufindi.gob.ec\/sitio\/2018\/08\/17\/recinto-luis-vargas-torres-se-prepara-para-recibir-planta-de-tratamiento-de-aguas-residuales\/\"},\"wordCount\":153,\"publisher\":{\"@id\":\"https:\/\/shushufindi.gob.ec\/sitio\/#organization\"},\"image\":{\"@id\":\"https:\/\/shushufindi.gob.ec\/sitio\/2018\/08\/17\/recinto-luis-vargas-torres-se-prepara-para-recibir-planta-de-tratamiento-de-aguas-residuales\/#primaryimage\"},\"thumbnailUrl\":\"http:\/\/shushufindi.gob.ec\/portal\/wp-content\/uploads\/2018\/08\/IMG_4578-300x200.jpg\",\"articleSection\":[\"NOTICIAS\"],\"inLanguage\":\"es\"},{\"@type\":\"WebPage\",\"@id\":\"https:\/\/shushufindi.gob.ec\/sitio\/2018\/08\/17\/recinto-luis-vargas-torres-se-prepara-para-recibir-planta-de-tratamiento-de-aguas-residuales\/\",\"url\":\"https:\/\/shushufindi.gob.ec\/sitio\/2018\/08\/17\/recinto-luis-vargas-torres-se-prepara-para-recibir-planta-de-tratamiento-de-aguas-residuales\/\",\"name\":\"RECINTO LUIS VARGAS TORRES SE PREPARA PARA RECIBIR PLANTA DE TRATAMIENTO DE AGUAS RESIDUALES - Municipio del Cant\u00f3n Shushufindi\",\"isPartOf\":{\"@id\":\"https:\/\/shushufindi.gob.ec\/sitio\/#website\"},\"primaryImageOfPage\":{\"@id\":\"https:\/\/shushufindi.gob.ec\/sitio\/2018\/08\/17\/recinto-luis-vargas-torres-se-prepara-para-recibir-planta-de-tratamiento-de-aguas-residuales\/#primaryimage\"},\"image\":{\"@id\":\"https:\/\/shushufindi.gob.ec\/sitio\/2018\/08\/17\/recinto-luis-vargas-torres-se-prepara-para-recibir-planta-de-tratamiento-de-aguas-residuales\/#primaryimage\"},\"thumbnailUrl\":\"http:\/\/shushufindi.gob.ec\/portal\/wp-content\/uploads\/2018\/08\/IMG_4578-300x200.jpg\",\"datePublished\":\"2018-08-17T13:53:14+00:00\",\"breadcrumb\":{\"@id\":\"https:\/\/shushufindi.gob.ec\/sitio\/2018\/08\/17\/recinto-luis-vargas-torres-se-prepara-para-recibir-planta-de-tratamiento-de-aguas-residuales\/#breadcrumb\"},\"inLanguage\":\"es\",\"potentialAction\":[{\"@type\":\"ReadAction\",\"target\":[\"https:\/\/shushufindi.gob.ec\/sitio\/2018\/08\/17\/recinto-luis-vargas-torres-se-prepara-para-recibir-planta-de-tratamiento-de-aguas-residuales\/\"]}]},{\"@type\":\"ImageObject\",\"inLanguage\":\"es\",\"@id\":\"https:\/\/shushufindi.gob.ec\/sitio\/2018\/08\/17\/recinto-luis-vargas-torres-se-prepara-para-recibir-planta-de-tratamiento-de-aguas-residuales\/#primaryimage\",\"url\":\"http:\/\/shushufindi.gob.ec\/portal\/wp-content\/uploads\/2018\/08\/IMG_4578-300x200.jpg\",\"contentUrl\":\"http:\/\/shushufindi.gob.ec\/portal\/wp-content\/uploads\/2018\/08\/IMG_4578-300x200.jpg\"},{\"@type\":\"BreadcrumbList\",\"@id\":\"https:\/\/shushufindi.gob.ec\/sitio\/2018\/08\/17\/recinto-luis-vargas-torres-se-prepara-para-recibir-planta-de-tratamiento-de-aguas-residuales\/#breadcrumb\",\"itemListElement\":[{\"@type\":\"ListItem\",\"position\":1,\"name\":\"Portada\",\"item\":\"https:\/\/shushufindi.gob.ec\/sitio\/\"},{\"@type\":\"ListItem\",\"position\":2,\"name\":\"RECINTO LUIS VARGAS TORRES SE PREPARA PARA RECIBIR PLANTA DE TRATAMIENTO DE AGUAS RESIDUALES\"}]},{\"@type\":\"WebSite\",\"@id\":\"https:\/\/shushufindi.gob.ec\/sitio\/#website\",\"url\":\"https:\/\/shushufindi.gob.ec\/sitio\/\",\"name\":\"Municipio del Cant\u00f3n Shushufindi\",\"description\":\"GAD Municipal\",\"publisher\":{\"@id\":\"https:\/\/shushufindi.gob.ec\/sitio\/#organization\"},\"potentialAction\":[{\"@type\":\"SearchAction\",\"target\":{\"@type\":\"EntryPoint\",\"urlTemplate\":\"https:\/\/shushufindi.gob.ec\/sitio\/?s={search_term_string}\"},\"query-input\":{\"@type\":\"PropertyValueSpecification\",\"valueRequired\":true,\"valueName\":\"search_term_string\"}}],\"inLanguage\":\"es\"},{\"@type\":\"Organization\",\"@id\":\"https:\/\/shushufindi.gob.ec\/sitio\/#organization\",\"name\":\"Municipio del Cant\u00f3n Shushufindi\",\"url\":\"https:\/\/shushufindi.gob.ec\/sitio\/\",\"logo\":{\"@type\":\"ImageObject\",\"inLanguage\":\"es\",\"@id\":\"https:\/\/shushufindi.gob.ec\/sitio\/#\/schema\/logo\/image\/\",\"url\":\"http:\/\/shushufindi.gob.ec\/sitio\/wp-content\/uploads\/2023\/10\/favicon.jpg\",\"contentUrl\":\"http:\/\/shushufindi.gob.ec\/sitio\/wp-content\/uploads\/2023\/10\/favicon.jpg\",\"width\":100,\"height\":97,\"caption\":\"Municipio del Cant\u00f3n Shushufindi\"},\"image\":{\"@id\":\"https:\/\/shushufindi.gob.ec\/sitio\/#\/schema\/logo\/image\/\"}},{\"@type\":\"Person\",\"@id\":\"https:\/\/shushufindi.gob.ec\/sitio\/#\/schema\/person\/3f6c54724f0e086e15497a6757c1d89a\",\"name\":\"DANNY ALCIVAR MONAR\",\"image\":{\"@type\":\"ImageObject\",\"inLanguage\":\"es\",\"@id\":\"https:\/\/shushufindi.gob.ec\/sitio\/#\/schema\/person\/image\/\",\"url\":\"https:\/\/secure.gravatar.com\/avatar\/f637caee5b53dfb7684fc99a8dfaeef88cd904569e50bdb4dd588545b9e80dcf?s=96&d=mm&r=g\",\"contentUrl\":\"https:\/\/secure.gravatar.com\/avatar\/f637caee5b53dfb7684fc99a8dfaeef88cd904569e50bdb4dd588545b9e80dcf?s=96&d=mm&r=g\",\"caption\":\"DANNY ALCIVAR MONAR\"},\"url\":\"https:\/\/shushufindi.gob.ec\/sitio\/author\/mdanny\/\"}]}<\/script>\n<!-- \/ Yoast SEO plugin. -->","yoast_head_json":{"title":"RECINTO LUIS VARGAS TORRES SE PREPARA PARA RECIBIR PLANTA DE TRATAMIENTO DE AGUAS RESIDUALES - Municipio del Cant\u00f3n Shushufindi","robots":{"index":"index","follow":"follow","max-snippet":"max-snippet:-1","max-image-preview":"max-image-preview:large","max-video-preview":"max-video-preview:-1"},"canonical":"https:\/\/shushufindi.gob.ec\/sitio\/2018\/08\/17\/recinto-luis-vargas-torres-se-prepara-para-recibir-planta-de-tratamiento-de-aguas-residuales\/","og_locale":"es_ES","og_type":"article","og_title":"RECINTO LUIS VARGAS TORRES SE PREPARA PARA RECIBIR PLANTA DE TRATAMIENTO DE AGUAS RESIDUALES - Municipio del Cant\u00f3n Shushufindi","og_description":"Una obra de gran importancia, recibir\u00e1n los moradores del recinto Luis Vargas Torres, quienes por varios a\u00f1os tuvieron dificultades con","og_url":"https:\/\/shushufindi.gob.ec\/sitio\/2018\/08\/17\/recinto-luis-vargas-torres-se-prepara-para-recibir-planta-de-tratamiento-de-aguas-residuales\/","og_site_name":"Municipio del Cant\u00f3n Shushufindi","article_published_time":"2018-08-17T13:53:14+00:00","og_image":[{"url":"http:\/\/shushufindi.gob.ec\/portal\/wp-content\/uploads\/2018\/08\/IMG_4578-300x200.jpg","type":"","width":"","height":""}],"author":"DANNY ALCIVAR MONAR","twitter_card":"summary_large_image","twitter_misc":{"Escrito por":"DANNY ALCIVAR MONAR","Tiempo de lectura":"1 minuto"},"schema":{"@context":"https:\/\/schema.org","@graph":[{"@type":"Article","@id":"https:\/\/shushufindi.gob.ec\/sitio\/2018\/08\/17\/recinto-luis-vargas-torres-se-prepara-para-recibir-planta-de-tratamiento-de-aguas-residuales\/#article","isPartOf":{"@id":"https:\/\/shushufindi.gob.ec\/sitio\/2018\/08\/17\/recinto-luis-vargas-torres-se-prepara-para-recibir-planta-de-tratamiento-de-aguas-residuales\/"},"author":{"name":"DANNY ALCIVAR MONAR","@id":"https:\/\/shushufindi.gob.ec\/sitio\/#\/schema\/person\/3f6c54724f0e086e15497a6757c1d89a"},"headline":"RECINTO LUIS VARGAS TORRES SE PREPARA PARA RECIBIR PLANTA DE TRATAMIENTO DE AGUAS RESIDUALES","datePublished":"2018-08-17T13:53:14+00:00","mainEntityOfPage":{"@id":"https:\/\/shushufindi.gob.ec\/sitio\/2018\/08\/17\/recinto-luis-vargas-torres-se-prepara-para-recibir-planta-de-tratamiento-de-aguas-residuales\/"},"wordCount":153,"publisher":{"@id":"https:\/\/shushufindi.gob.ec\/sitio\/#organization"},"image":{"@id":"https:\/\/shushufindi.gob.ec\/sitio\/2018\/08\/17\/recinto-luis-vargas-torres-se-prepara-para-recibir-planta-de-tratamiento-de-aguas-residuales\/#primaryimage"},"thumbnailUrl":"http:\/\/shushufindi.gob.ec\/portal\/wp-content\/uploads\/2018\/08\/IMG_4578-300x200.jpg","articleSection":["NOTICIAS"],"inLanguage":"es"},{"@type":"WebPage","@id":"https:\/\/shushufindi.gob.ec\/sitio\/2018\/08\/17\/recinto-luis-vargas-torres-se-prepara-para-recibir-planta-de-tratamiento-de-aguas-residuales\/","url":"https:\/\/shushufindi.gob.ec\/sitio\/2018\/08\/17\/recinto-luis-vargas-torres-se-prepara-para-recibir-planta-de-tratamiento-de-aguas-residuales\/","name":"RECINTO LUIS VARGAS TORRES SE PREPARA PARA RECIBIR PLANTA DE TRATAMIENTO DE AGUAS RESIDUALES - Municipio del Cant\u00f3n Shushufindi","isPartOf":{"@id":"https:\/\/shushufindi.gob.ec\/sitio\/#website"},"primaryImageOfPage":{"@id":"https:\/\/shushufindi.gob.ec\/sitio\/2018\/08\/17\/recinto-luis-vargas-torres-se-prepara-para-recibir-planta-de-tratamiento-de-aguas-residuales\/#primaryimage"},"image":{"@id":"https:\/\/shushufindi.gob.ec\/sitio\/2018\/08\/17\/recinto-luis-vargas-torres-se-prepara-para-recibir-planta-de-tratamiento-de-aguas-residuales\/#primaryimage"},"thumbnailUrl":"http:\/\/shushufindi.gob.ec\/portal\/wp-content\/uploads\/2018\/08\/IMG_4578-300x200.jpg","datePublished":"2018-08-17T13:53:14+00:00","breadcrumb":{"@id":"https:\/\/shushufindi.gob.ec\/sitio\/2018\/08\/17\/recinto-luis-vargas-torres-se-prepara-para-recibir-planta-de-tratamiento-de-aguas-residuales\/#breadcrumb"},"inLanguage":"es","potentialAction":[{"@type":"ReadAction","target":["https:\/\/shushufindi.gob.ec\/sitio\/2018\/08\/17\/recinto-luis-vargas-torres-se-prepara-para-recibir-planta-de-tratamiento-de-aguas-residuales\/"]}]},{"@type":"ImageObject","inLanguage":"es","@id":"https:\/\/shushufindi.gob.ec\/sitio\/2018\/08\/17\/recinto-luis-vargas-torres-se-prepara-para-recibir-planta-de-tratamiento-de-aguas-residuales\/#primaryimage","url":"http:\/\/shushufindi.gob.ec\/portal\/wp-content\/uploads\/2018\/08\/IMG_4578-300x200.jpg","contentUrl":"http:\/\/shushufindi.gob.ec\/portal\/wp-content\/uploads\/2018\/08\/IMG_4578-300x200.jpg"},{"@type":"BreadcrumbList","@id":"https:\/\/shushufindi.gob.ec\/sitio\/2018\/08\/17\/recinto-luis-vargas-torres-se-prepara-para-recibir-planta-de-tratamiento-de-aguas-residuales\/#breadcrumb","itemListElement":[{"@type":"ListItem","position":1,"name":"Portada","item":"https:\/\/shushufindi.gob.ec\/sitio\/"},{"@type":"ListItem","position":2,"name":"RECINTO LUIS VARGAS TORRES SE PREPARA PARA RECIBIR PLANTA DE TRATAMIENTO DE AGUAS RESIDUALES"}]},{"@type":"WebSite","@id":"https:\/\/shushufindi.gob.ec\/sitio\/#website","url":"https:\/\/shushufindi.gob.ec\/sitio\/","name":"Municipio del Cant\u00f3n Shushufindi","description":"GAD Municipal","publisher":{"@id":"https:\/\/shushufindi.gob.ec\/sitio\/#organization"},"potentialAction":[{"@type":"SearchAction","target":{"@type":"EntryPoint","urlTemplate":"https:\/\/shushufindi.gob.ec\/sitio\/?s={search_term_string}"},"query-input":{"@type":"PropertyValueSpecification","valueRequired":true,"valueName":"search_term_string"}}],"inLanguage":"es"},{"@type":"Organization","@id":"https:\/\/shushufindi.gob.ec\/sitio\/#organization","name":"Municipio del Cant\u00f3n Shushufindi","url":"https:\/\/shushufindi.gob.ec\/sitio\/","logo":{"@type":"ImageObject","inLanguage":"es","@id":"https:\/\/shushufindi.gob.ec\/sitio\/#\/schema\/logo\/image\/","url":"http:\/\/shushufindi.gob.ec\/sitio\/wp-content\/uploads\/2023\/10\/favicon.jpg","contentUrl":"http:\/\/shushufindi.gob.ec\/sitio\/wp-content\/uploads\/2023\/10\/favicon.jpg","width":100,"height":97,"caption":"Municipio del Cant\u00f3n Shushufindi"},"image":{"@id":"https:\/\/shushufindi.gob.ec\/sitio\/#\/schema\/logo\/image\/"}},{"@type":"Person","@id":"https:\/\/shushufindi.gob.ec\/sitio\/#\/schema\/person\/3f6c54724f0e086e15497a6757c1d89a","name":"DANNY ALCIVAR MONAR","image":{"@type":"ImageObject","inLanguage":"es","@id":"https:\/\/shushufindi.gob.ec\/sitio\/#\/schema\/person\/image\/","url":"https:\/\/secure.gravatar.com\/avatar\/f637caee5b53dfb7684fc99a8dfaeef88cd904569e50bdb4dd588545b9e80dcf?s=96&d=mm&r=g","contentUrl":"https:\/\/secure.gravatar.com\/avatar\/f637caee5b53dfb7684fc99a8dfaeef88cd904569e50bdb4dd588545b9e80dcf?s=96&d=mm&r=g","caption":"DANNY ALCIVAR MONAR"},"url":"https:\/\/shushufindi.gob.ec\/sitio\/author\/mdanny\/"}]}},"jetpack_featured_media_url":"","_links":{"self":[{"href":"https:\/\/shushufindi.gob.ec\/sitio\/wp-json\/wp\/v2\/posts\/30534","targetHints":{"allow":["GET"]}}],"collection":[{"href":"https:\/\/shushufindi.gob.ec\/sitio\/wp-json\/wp\/v2\/posts"}],"about":[{"href":"https:\/\/shushufindi.gob.ec\/sitio\/wp-json\/wp\/v2\/types\/post"}],"author":[{"embeddable":true,"href":"https:\/\/shushufindi.gob.ec\/sitio\/wp-json\/wp\/v2\/users\/9"}],"replies":[{"embeddable":true,"href":"https:\/\/shushufindi.gob.ec\/sitio\/wp-json\/wp\/v2\/comments?post=30534"}],"version-history":[{"count":0,"href":"https:\/\/shushufindi.gob.ec\/sitio\/wp-json\/wp\/v2\/posts\/30534\/revisions"}],"wp:attachment":[{"href":"https:\/\/shushufindi.gob.ec\/sitio\/wp-json\/wp\/v2\/media?parent=30534"}],"wp:term":[{"taxonomy":"category","embeddable":true,"href":"https:\/\/shushufindi.gob.ec\/sitio\/wp-json\/wp\/v2\/categories?post=30534"},{"taxonomy":"post_tag","embeddable":true,"href":"https:\/\/shushufindi.gob.ec\/sitio\/wp-json\/wp\/v2\/tags?post=30534"}],"curies":[{"name":"wp","href":"https:\/\/api.w.org\/{rel}","templated":true}]}}