{"id":34487,"date":"2025-11-02T08:00:46","date_gmt":"2025-11-02T08:00:46","guid":{"rendered":"https:\/\/shushufindi.gob.ec\/sitio\/?p=34487"},"modified":"2025-12-18T20:24:24","modified_gmt":"2025-12-18T20:24:24","slug":"iii-festival-de-la-colada-morada","status":"publish","type":"post","link":"https:\/\/shushufindi.gob.ec\/sitio\/2025\/11\/02\/iii-festival-de-la-colada-morada\/","title":{"rendered":"III FESTIVAL DE LA COLADA MORADA"},"content":{"rendered":"<p data-start=\"278\" data-end=\"544\">Con motivo del D\u00eda de los Fieles Difuntos, la Alcald\u00eda Ciudadana de Shushufindi llev\u00f3 a cabo el <strong data-start=\"374\" data-end=\"430\">Tercer Festival de la Colada Morada y Guaguas de Pan<\/strong>, un espacio que reuni\u00f3 a emprendedores, familias y visitantes en una jornada llena de tradici\u00f3n, sabor y cultura.<\/p>\n<p data-start=\"546\" data-end=\"809\">Durante el evento, <strong data-start=\"565\" data-end=\"621\">diversos stands presentaron sus recetas y creaciones<\/strong>, destacando la variedad de preparaciones de colada morada y la creatividad en las guaguas de pan, cada una con una identidad propia que rescat\u00f3 la esencia de esta fecha tan significativa.<\/p>\n<p data-start=\"811\" data-end=\"1073\">La <strong data-start=\"814\" data-end=\"840\">alcaldesa Lorena Cajas<\/strong> recorri\u00f3 cada puesto, <strong data-start=\"863\" data-end=\"957\">dialogando con los emprendedores, degustando sus productos y adquiriendo sus preparaciones<\/strong>, reafirmando el compromiso municipal de promover el consumo local como motor para dinamizar la econom\u00eda del cant\u00f3n.<\/p>\n<p data-start=\"1075\" data-end=\"1312\">El festival incluy\u00f3 <strong data-start=\"1095\" data-end=\"1184\">concursos gastron\u00f3micos, presentaciones art\u00edsticas y espacios de integraci\u00f3n familiar<\/strong>, permitiendo que la comunidad disfrute de actividades culturales mientras se impulsa el trabajo de los productores y artesanos.<\/p>\n<p data-start=\"1314\" data-end=\"1517\">Como parte del reconocimiento al esfuerzo de los participantes, <strong data-start=\"1378\" data-end=\"1409\">todos recibieron incentivos<\/strong> y los ganadores fueron premiados por su creatividad, t\u00e9cnica y aporte a la preservaci\u00f3n de las tradiciones.<\/p>\n<p data-start=\"1519\" data-end=\"1756\">La edici\u00f3n de este a\u00f1o, titulada <strong data-start=\"1552\" data-end=\"1572\">\u201cDulce Moradita\u201d<\/strong>, dej\u00f3 en cada visitante un grato sabor y la satisfacci\u00f3n de compartir una celebraci\u00f3n que fortalece la identidad cultural de Shushufindi y genera oportunidades para quienes emprenden.<\/p>\n<p data-start=\"1758\" data-end=\"1817\"><strong data-start=\"1758\" data-end=\"1817\">Shushufindi vive sus tradiciones.<br data-start=\"1793\" data-end=\"1796\" \/>Alcald\u00eda Ciudadana.<\/strong><\/p>\n","protected":false},"excerpt":{"rendered":"<p>Con motivo del D\u00eda de los Fieles Difuntos, la Alcald\u00eda Ciudadana de Shushufindi llev\u00f3 a cabo el Tercer Festival de<\/p>\n","protected":false},"author":13,"featured_media":34525,"comment_status":"closed","ping_status":"closed","sticky":false,"template":"","format":"standard","meta":{"_monsterinsights_skip_tracking":false,"_monsterinsights_sitenote_active":false,"_monsterinsights_sitenote_note":"","_monsterinsights_sitenote_category":0,"_joinchat":[],"footnotes":""},"categories":[3],"tags":[],"class_list":["post-34487","post","type-post","status-publish","format-standard","has-post-thumbnail","hentry","category-noticias"],"yoast_head":"<!-- This site is optimized with the Yoast SEO plugin v25.8 - https:\/\/yoast.com\/wordpress\/plugins\/seo\/ -->\n<title>III FESTIVAL DE LA COLADA MORADA - Municipio del Cant\u00f3n Shushufindi<\/title>\n<meta name=\"robots\" content=\"index, follow, max-snippet:-1, max-image-preview:large, max-video-preview:-1\" \/>\n<link rel=\"canonical\" href=\"https:\/\/shushufindi.gob.ec\/sitio\/2025\/11\/02\/iii-festival-de-la-colada-morada\/\" \/>\n<meta property=\"og:locale\" content=\"es_ES\" \/>\n<meta property=\"og:type\" content=\"article\" \/>\n<meta property=\"og:title\" content=\"III FESTIVAL DE LA COLADA MORADA - Municipio del Cant\u00f3n Shushufindi\" \/>\n<meta property=\"og:description\" content=\"Con motivo del D\u00eda de los Fieles Difuntos, la Alcald\u00eda Ciudadana de Shushufindi llev\u00f3 a cabo el Tercer Festival de\" \/>\n<meta property=\"og:url\" content=\"https:\/\/shushufindi.gob.ec\/sitio\/2025\/11\/02\/iii-festival-de-la-colada-morada\/\" \/>\n<meta property=\"og:site_name\" content=\"Municipio del Cant\u00f3n Shushufindi\" \/>\n<meta property=\"article:published_time\" content=\"2025-11-02T08:00:46+00:00\" \/>\n<meta property=\"article:modified_time\" content=\"2025-12-18T20:24:24+00:00\" \/>\n<meta property=\"og:image\" content=\"http:\/\/shushufindi.gob.ec\/sitio\/wp-content\/uploads\/2025\/12\/COLADA-MORADA.jpg\" \/>\n\t<meta property=\"og:image:width\" content=\"1365\" \/>\n\t<meta property=\"og:image:height\" content=\"1365\" \/>\n\t<meta property=\"og:image:type\" content=\"image\/jpeg\" \/>\n<meta name=\"author\" content=\"Maria Elizabeth Chamba Loaiza\" \/>\n<meta name=\"twitter:card\" content=\"summary_large_image\" \/>\n<meta name=\"twitter:label1\" content=\"Escrito por\" \/>\n\t<meta name=\"twitter:data1\" content=\"Maria Elizabeth Chamba Loaiza\" \/>\n\t<meta name=\"twitter:label2\" content=\"Tiempo de lectura\" \/>\n\t<meta name=\"twitter:data2\" content=\"2 minutos\" \/>\n<script type=\"application\/ld+json\" class=\"yoast-schema-graph\">{\"@context\":\"https:\/\/schema.org\",\"@graph\":[{\"@type\":\"Article\",\"@id\":\"https:\/\/shushufindi.gob.ec\/sitio\/2025\/11\/02\/iii-festival-de-la-colada-morada\/#article\",\"isPartOf\":{\"@id\":\"https:\/\/shushufindi.gob.ec\/sitio\/2025\/11\/02\/iii-festival-de-la-colada-morada\/\"},\"author\":{\"name\":\"Maria Elizabeth Chamba Loaiza\",\"@id\":\"https:\/\/shushufindi.gob.ec\/sitio\/#\/schema\/person\/1a57fc2de5e474707728cf032b0a0811\"},\"headline\":\"III FESTIVAL DE LA COLADA MORADA\",\"datePublished\":\"2025-11-02T08:00:46+00:00\",\"dateModified\":\"2025-12-18T20:24:24+00:00\",\"mainEntityOfPage\":{\"@id\":\"https:\/\/shushufindi.gob.ec\/sitio\/2025\/11\/02\/iii-festival-de-la-colada-morada\/\"},\"wordCount\":242,\"publisher\":{\"@id\":\"https:\/\/shushufindi.gob.ec\/sitio\/#organization\"},\"image\":{\"@id\":\"https:\/\/shushufindi.gob.ec\/sitio\/2025\/11\/02\/iii-festival-de-la-colada-morada\/#primaryimage\"},\"thumbnailUrl\":\"https:\/\/shushufindi.gob.ec\/sitio\/wp-content\/uploads\/2025\/12\/COLADA-MORADA.jpg\",\"articleSection\":[\"NOTICIAS\"],\"inLanguage\":\"es\"},{\"@type\":\"WebPage\",\"@id\":\"https:\/\/shushufindi.gob.ec\/sitio\/2025\/11\/02\/iii-festival-de-la-colada-morada\/\",\"url\":\"https:\/\/shushufindi.gob.ec\/sitio\/2025\/11\/02\/iii-festival-de-la-colada-morada\/\",\"name\":\"III FESTIVAL DE LA COLADA MORADA - Municipio del Cant\u00f3n Shushufindi\",\"isPartOf\":{\"@id\":\"https:\/\/shushufindi.gob.ec\/sitio\/#website\"},\"primaryImageOfPage\":{\"@id\":\"https:\/\/shushufindi.gob.ec\/sitio\/2025\/11\/02\/iii-festival-de-la-colada-morada\/#primaryimage\"},\"image\":{\"@id\":\"https:\/\/shushufindi.gob.ec\/sitio\/2025\/11\/02\/iii-festival-de-la-colada-morada\/#primaryimage\"},\"thumbnailUrl\":\"https:\/\/shushufindi.gob.ec\/sitio\/wp-content\/uploads\/2025\/12\/COLADA-MORADA.jpg\",\"datePublished\":\"2025-11-02T08:00:46+00:00\",\"dateModified\":\"2025-12-18T20:24:24+00:00\",\"breadcrumb\":{\"@id\":\"https:\/\/shushufindi.gob.ec\/sitio\/2025\/11\/02\/iii-festival-de-la-colada-morada\/#breadcrumb\"},\"inLanguage\":\"es\",\"potentialAction\":[{\"@type\":\"ReadAction\",\"target\":[\"https:\/\/shushufindi.gob.ec\/sitio\/2025\/11\/02\/iii-festival-de-la-colada-morada\/\"]}]},{\"@type\":\"ImageObject\",\"inLanguage\":\"es\",\"@id\":\"https:\/\/shushufindi.gob.ec\/sitio\/2025\/11\/02\/iii-festival-de-la-colada-morada\/#primaryimage\",\"url\":\"https:\/\/shushufindi.gob.ec\/sitio\/wp-content\/uploads\/2025\/12\/COLADA-MORADA.jpg\",\"contentUrl\":\"https:\/\/shushufindi.gob.ec\/sitio\/wp-content\/uploads\/2025\/12\/COLADA-MORADA.jpg\",\"width\":1365,\"height\":1365},{\"@type\":\"BreadcrumbList\",\"@id\":\"https:\/\/shushufindi.gob.ec\/sitio\/2025\/11\/02\/iii-festival-de-la-colada-morada\/#breadcrumb\",\"itemListElement\":[{\"@type\":\"ListItem\",\"position\":1,\"name\":\"Portada\",\"item\":\"https:\/\/shushufindi.gob.ec\/sitio\/\"},{\"@type\":\"ListItem\",\"position\":2,\"name\":\"III FESTIVAL DE LA COLADA MORADA\"}]},{\"@type\":\"WebSite\",\"@id\":\"https:\/\/shushufindi.gob.ec\/sitio\/#website\",\"url\":\"https:\/\/shushufindi.gob.ec\/sitio\/\",\"name\":\"Municipio del Cant\u00f3n Shushufindi\",\"description\":\"GAD Municipal\",\"publisher\":{\"@id\":\"https:\/\/shushufindi.gob.ec\/sitio\/#organization\"},\"potentialAction\":[{\"@type\":\"SearchAction\",\"target\":{\"@type\":\"EntryPoint\",\"urlTemplate\":\"https:\/\/shushufindi.gob.ec\/sitio\/?s={search_term_string}\"},\"query-input\":{\"@type\":\"PropertyValueSpecification\",\"valueRequired\":true,\"valueName\":\"search_term_string\"}}],\"inLanguage\":\"es\"},{\"@type\":\"Organization\",\"@id\":\"https:\/\/shushufindi.gob.ec\/sitio\/#organization\",\"name\":\"Municipio del Cant\u00f3n Shushufindi\",\"url\":\"https:\/\/shushufindi.gob.ec\/sitio\/\",\"logo\":{\"@type\":\"ImageObject\",\"inLanguage\":\"es\",\"@id\":\"https:\/\/shushufindi.gob.ec\/sitio\/#\/schema\/logo\/image\/\",\"url\":\"http:\/\/shushufindi.gob.ec\/sitio\/wp-content\/uploads\/2023\/10\/favicon.jpg\",\"contentUrl\":\"http:\/\/shushufindi.gob.ec\/sitio\/wp-content\/uploads\/2023\/10\/favicon.jpg\",\"width\":100,\"height\":97,\"caption\":\"Municipio del Cant\u00f3n Shushufindi\"},\"image\":{\"@id\":\"https:\/\/shushufindi.gob.ec\/sitio\/#\/schema\/logo\/image\/\"}},{\"@type\":\"Person\",\"@id\":\"https:\/\/shushufindi.gob.ec\/sitio\/#\/schema\/person\/1a57fc2de5e474707728cf032b0a0811\",\"name\":\"Maria Elizabeth Chamba Loaiza\",\"image\":{\"@type\":\"ImageObject\",\"inLanguage\":\"es\",\"@id\":\"https:\/\/shushufindi.gob.ec\/sitio\/#\/schema\/person\/image\/\",\"url\":\"https:\/\/secure.gravatar.com\/avatar\/6276ff73d081c6a82a8b7fa51fd1786fea7dcd89c9d1eec0d3ed0f634d47bffb?s=96&d=mm&r=g\",\"contentUrl\":\"https:\/\/secure.gravatar.com\/avatar\/6276ff73d081c6a82a8b7fa51fd1786fea7dcd89c9d1eec0d3ed0f634d47bffb?s=96&d=mm&r=g\",\"caption\":\"Maria Elizabeth Chamba Loaiza\"},\"sameAs\":[\"https:\/\/www.shushufindi.gob.ec\"],\"url\":\"https:\/\/shushufindi.gob.ec\/sitio\/author\/mchamba\/\"}]}<\/script>\n<!-- \/ Yoast SEO plugin. -->","yoast_head_json":{"title":"III FESTIVAL DE LA COLADA MORADA - Municipio del Cant\u00f3n Shushufindi","robots":{"index":"index","follow":"follow","max-snippet":"max-snippet:-1","max-image-preview":"max-image-preview:large","max-video-preview":"max-video-preview:-1"},"canonical":"https:\/\/shushufindi.gob.ec\/sitio\/2025\/11\/02\/iii-festival-de-la-colada-morada\/","og_locale":"es_ES","og_type":"article","og_title":"III FESTIVAL DE LA COLADA MORADA - Municipio del Cant\u00f3n Shushufindi","og_description":"Con motivo del D\u00eda de los Fieles Difuntos, la Alcald\u00eda Ciudadana de Shushufindi llev\u00f3 a cabo el Tercer Festival de","og_url":"https:\/\/shushufindi.gob.ec\/sitio\/2025\/11\/02\/iii-festival-de-la-colada-morada\/","og_site_name":"Municipio del Cant\u00f3n Shushufindi","article_published_time":"2025-11-02T08:00:46+00:00","article_modified_time":"2025-12-18T20:24:24+00:00","og_image":[{"width":1365,"height":1365,"url":"http:\/\/shushufindi.gob.ec\/sitio\/wp-content\/uploads\/2025\/12\/COLADA-MORADA.jpg","type":"image\/jpeg"}],"author":"Maria Elizabeth Chamba Loaiza","twitter_card":"summary_large_image","twitter_misc":{"Escrito por":"Maria Elizabeth Chamba Loaiza","Tiempo de lectura":"2 minutos"},"schema":{"@context":"https:\/\/schema.org","@graph":[{"@type":"Article","@id":"https:\/\/shushufindi.gob.ec\/sitio\/2025\/11\/02\/iii-festival-de-la-colada-morada\/#article","isPartOf":{"@id":"https:\/\/shushufindi.gob.ec\/sitio\/2025\/11\/02\/iii-festival-de-la-colada-morada\/"},"author":{"name":"Maria Elizabeth Chamba Loaiza","@id":"https:\/\/shushufindi.gob.ec\/sitio\/#\/schema\/person\/1a57fc2de5e474707728cf032b0a0811"},"headline":"III FESTIVAL DE LA COLADA MORADA","datePublished":"2025-11-02T08:00:46+00:00","dateModified":"2025-12-18T20:24:24+00:00","mainEntityOfPage":{"@id":"https:\/\/shushufindi.gob.ec\/sitio\/2025\/11\/02\/iii-festival-de-la-colada-morada\/"},"wordCount":242,"publisher":{"@id":"https:\/\/shushufindi.gob.ec\/sitio\/#organization"},"image":{"@id":"https:\/\/shushufindi.gob.ec\/sitio\/2025\/11\/02\/iii-festival-de-la-colada-morada\/#primaryimage"},"thumbnailUrl":"https:\/\/shushufindi.gob.ec\/sitio\/wp-content\/uploads\/2025\/12\/COLADA-MORADA.jpg","articleSection":["NOTICIAS"],"inLanguage":"es"},{"@type":"WebPage","@id":"https:\/\/shushufindi.gob.ec\/sitio\/2025\/11\/02\/iii-festival-de-la-colada-morada\/","url":"https:\/\/shushufindi.gob.ec\/sitio\/2025\/11\/02\/iii-festival-de-la-colada-morada\/","name":"III FESTIVAL DE LA COLADA MORADA - Municipio del Cant\u00f3n Shushufindi","isPartOf":{"@id":"https:\/\/shushufindi.gob.ec\/sitio\/#website"},"primaryImageOfPage":{"@id":"https:\/\/shushufindi.gob.ec\/sitio\/2025\/11\/02\/iii-festival-de-la-colada-morada\/#primaryimage"},"image":{"@id":"https:\/\/shushufindi.gob.ec\/sitio\/2025\/11\/02\/iii-festival-de-la-colada-morada\/#primaryimage"},"thumbnailUrl":"https:\/\/shushufindi.gob.ec\/sitio\/wp-content\/uploads\/2025\/12\/COLADA-MORADA.jpg","datePublished":"2025-11-02T08:00:46+00:00","dateModified":"2025-12-18T20:24:24+00:00","breadcrumb":{"@id":"https:\/\/shushufindi.gob.ec\/sitio\/2025\/11\/02\/iii-festival-de-la-colada-morada\/#breadcrumb"},"inLanguage":"es","potentialAction":[{"@type":"ReadAction","target":["https:\/\/shushufindi.gob.ec\/sitio\/2025\/11\/02\/iii-festival-de-la-colada-morada\/"]}]},{"@type":"ImageObject","inLanguage":"es","@id":"https:\/\/shushufindi.gob.ec\/sitio\/2025\/11\/02\/iii-festival-de-la-colada-morada\/#primaryimage","url":"https:\/\/shushufindi.gob.ec\/sitio\/wp-content\/uploads\/2025\/12\/COLADA-MORADA.jpg","contentUrl":"https:\/\/shushufindi.gob.ec\/sitio\/wp-content\/uploads\/2025\/12\/COLADA-MORADA.jpg","width":1365,"height":1365},{"@type":"BreadcrumbList","@id":"https:\/\/shushufindi.gob.ec\/sitio\/2025\/11\/02\/iii-festival-de-la-colada-morada\/#breadcrumb","itemListElement":[{"@type":"ListItem","position":1,"name":"Portada","item":"https:\/\/shushufindi.gob.ec\/sitio\/"},{"@type":"ListItem","position":2,"name":"III FESTIVAL DE LA COLADA MORADA"}]},{"@type":"WebSite","@id":"https:\/\/shushufindi.gob.ec\/sitio\/#website","url":"https:\/\/shushufindi.gob.ec\/sitio\/","name":"Municipio del Cant\u00f3n Shushufindi","description":"GAD Municipal","publisher":{"@id":"https:\/\/shushufindi.gob.ec\/sitio\/#organization"},"potentialAction":[{"@type":"SearchAction","target":{"@type":"EntryPoint","urlTemplate":"https:\/\/shushufindi.gob.ec\/sitio\/?s={search_term_string}"},"query-input":{"@type":"PropertyValueSpecification","valueRequired":true,"valueName":"search_term_string"}}],"inLanguage":"es"},{"@type":"Organization","@id":"https:\/\/shushufindi.gob.ec\/sitio\/#organization","name":"Municipio del Cant\u00f3n Shushufindi","url":"https:\/\/shushufindi.gob.ec\/sitio\/","logo":{"@type":"ImageObject","inLanguage":"es","@id":"https:\/\/shushufindi.gob.ec\/sitio\/#\/schema\/logo\/image\/","url":"http:\/\/shushufindi.gob.ec\/sitio\/wp-content\/uploads\/2023\/10\/favicon.jpg","contentUrl":"http:\/\/shushufindi.gob.ec\/sitio\/wp-content\/uploads\/2023\/10\/favicon.jpg","width":100,"height":97,"caption":"Municipio del Cant\u00f3n Shushufindi"},"image":{"@id":"https:\/\/shushufindi.gob.ec\/sitio\/#\/schema\/logo\/image\/"}},{"@type":"Person","@id":"https:\/\/shushufindi.gob.ec\/sitio\/#\/schema\/person\/1a57fc2de5e474707728cf032b0a0811","name":"Maria Elizabeth Chamba Loaiza","image":{"@type":"ImageObject","inLanguage":"es","@id":"https:\/\/shushufindi.gob.ec\/sitio\/#\/schema\/person\/image\/","url":"https:\/\/secure.gravatar.com\/avatar\/6276ff73d081c6a82a8b7fa51fd1786fea7dcd89c9d1eec0d3ed0f634d47bffb?s=96&d=mm&r=g","contentUrl":"https:\/\/secure.gravatar.com\/avatar\/6276ff73d081c6a82a8b7fa51fd1786fea7dcd89c9d1eec0d3ed0f634d47bffb?s=96&d=mm&r=g","caption":"Maria Elizabeth Chamba Loaiza"},"sameAs":["https:\/\/www.shushufindi.gob.ec"],"url":"https:\/\/shushufindi.gob.ec\/sitio\/author\/mchamba\/"}]}},"jetpack_featured_media_url":"https:\/\/shushufindi.gob.ec\/sitio\/wp-content\/uploads\/2025\/12\/COLADA-MORADA.jpg","_links":{"self":[{"href":"https:\/\/shushufindi.gob.ec\/sitio\/wp-json\/wp\/v2\/posts\/34487","targetHints":{"allow":["GET"]}}],"collection":[{"href":"https:\/\/shushufindi.gob.ec\/sitio\/wp-json\/wp\/v2\/posts"}],"about":[{"href":"https:\/\/shushufindi.gob.ec\/sitio\/wp-json\/wp\/v2\/types\/post"}],"author":[{"embeddable":true,"href":"https:\/\/shushufindi.gob.ec\/sitio\/wp-json\/wp\/v2\/users\/13"}],"replies":[{"embeddable":true,"href":"https:\/\/shushufindi.gob.ec\/sitio\/wp-json\/wp\/v2\/comments?post=34487"}],"version-history":[{"count":1,"href":"https:\/\/shushufindi.gob.ec\/sitio\/wp-json\/wp\/v2\/posts\/34487\/revisions"}],"predecessor-version":[{"id":34488,"href":"https:\/\/shushufindi.gob.ec\/sitio\/wp-json\/wp\/v2\/posts\/34487\/revisions\/34488"}],"wp:featuredmedia":[{"embeddable":true,"href":"https:\/\/shushufindi.gob.ec\/sitio\/wp-json\/wp\/v2\/media\/34525"}],"wp:attachment":[{"href":"https:\/\/shushufindi.gob.ec\/sitio\/wp-json\/wp\/v2\/media?parent=34487"}],"wp:term":[{"taxonomy":"category","embeddable":true,"href":"https:\/\/shushufindi.gob.ec\/sitio\/wp-json\/wp\/v2\/categories?post=34487"},{"taxonomy":"post_tag","embeddable":true,"href":"https:\/\/shushufindi.gob.ec\/sitio\/wp-json\/wp\/v2\/tags?post=34487"}],"curies":[{"name":"wp","href":"https:\/\/api.w.org\/{rel}","templated":true}]}}