{"id":34658,"date":"2025-12-12T16:32:55","date_gmt":"2025-12-12T16:32:55","guid":{"rendered":"https:\/\/shushufindi.gob.ec\/sitio\/?p=34658"},"modified":"2026-01-13T20:10:40","modified_gmt":"2026-01-13T20:10:40","slug":"veredas-para-limoncocha","status":"publish","type":"post","link":"https:\/\/shushufindi.gob.ec\/sitio\/2025\/12\/12\/veredas-para-limoncocha\/","title":{"rendered":"VEREDAS PARA LIMONCOCHA"},"content":{"rendered":"<p data-start=\"213\" data-end=\"453\">Avanza la construcci\u00f3n de 300 metros lineales de veredas en Limoncocha, una obra impulsada por la Alcald\u00eda Ciudadana de Shushufindi que busca mejorar la movilidad peatonal, brindar mayor seguridad y ordenar el tr\u00e1nsito en el sector.<\/p>\n<p data-start=\"455\" data-end=\"663\">Este proyecto no solo fortalece la infraestructura urbana, sino que tambi\u00e9n genera 10 plazas de trabajo para mano de obra local, aportando de manera directa al sustento de varias familias de la comunidad.<\/p>\n<p data-start=\"665\" data-end=\"799\">La intervenci\u00f3n forma parte del compromiso municipal de ejecutar obras que mejoran la calidad de vida y promueven el desarrollo local.<\/p>\n","protected":false},"excerpt":{"rendered":"<p>Avanza la construcci\u00f3n de 300 metros lineales de veredas en Limoncocha, una obra impulsada por la Alcald\u00eda Ciudadana de Shushufindi<\/p>\n","protected":false},"author":13,"featured_media":34686,"comment_status":"closed","ping_status":"closed","sticky":false,"template":"","format":"standard","meta":{"_monsterinsights_skip_tracking":false,"_monsterinsights_sitenote_active":false,"_monsterinsights_sitenote_note":"","_monsterinsights_sitenote_category":0,"_joinchat":[],"footnotes":""},"categories":[3],"tags":[],"class_list":["post-34658","post","type-post","status-publish","format-standard","has-post-thumbnail","hentry","category-noticias"],"yoast_head":"<!-- This site is optimized with the Yoast SEO plugin v25.8 - https:\/\/yoast.com\/wordpress\/plugins\/seo\/ -->\n<title>VEREDAS PARA LIMONCOCHA - Municipio del Cant\u00f3n Shushufindi<\/title>\n<meta name=\"robots\" content=\"index, follow, max-snippet:-1, max-image-preview:large, max-video-preview:-1\" \/>\n<link rel=\"canonical\" href=\"https:\/\/shushufindi.gob.ec\/sitio\/2025\/12\/12\/veredas-para-limoncocha\/\" \/>\n<meta property=\"og:locale\" content=\"es_ES\" \/>\n<meta property=\"og:type\" content=\"article\" \/>\n<meta property=\"og:title\" content=\"VEREDAS PARA LIMONCOCHA - Municipio del Cant\u00f3n Shushufindi\" \/>\n<meta property=\"og:description\" content=\"Avanza la construcci\u00f3n de 300 metros lineales de veredas en Limoncocha, una obra impulsada por la Alcald\u00eda Ciudadana de Shushufindi\" \/>\n<meta property=\"og:url\" content=\"https:\/\/shushufindi.gob.ec\/sitio\/2025\/12\/12\/veredas-para-limoncocha\/\" \/>\n<meta property=\"og:site_name\" content=\"Municipio del Cant\u00f3n Shushufindi\" \/>\n<meta property=\"article:published_time\" content=\"2025-12-12T16:32:55+00:00\" \/>\n<meta property=\"article:modified_time\" content=\"2026-01-13T20:10:40+00:00\" \/>\n<meta property=\"og:image\" content=\"http:\/\/shushufindi.gob.ec\/sitio\/wp-content\/uploads\/2025\/12\/VEREDAS-LIMONCOCHA-1.jpg\" \/>\n\t<meta property=\"og:image:width\" content=\"1365\" \/>\n\t<meta property=\"og:image:height\" content=\"1365\" \/>\n\t<meta property=\"og:image:type\" content=\"image\/jpeg\" \/>\n<meta name=\"author\" content=\"Maria Elizabeth Chamba Loaiza\" \/>\n<meta name=\"twitter:card\" content=\"summary_large_image\" \/>\n<meta name=\"twitter:label1\" content=\"Escrito por\" \/>\n\t<meta name=\"twitter:data1\" content=\"Maria Elizabeth Chamba Loaiza\" \/>\n\t<meta name=\"twitter:label2\" content=\"Tiempo de lectura\" \/>\n\t<meta name=\"twitter:data2\" content=\"1 minuto\" \/>\n<script type=\"application\/ld+json\" class=\"yoast-schema-graph\">{\"@context\":\"https:\/\/schema.org\",\"@graph\":[{\"@type\":\"Article\",\"@id\":\"https:\/\/shushufindi.gob.ec\/sitio\/2025\/12\/12\/veredas-para-limoncocha\/#article\",\"isPartOf\":{\"@id\":\"https:\/\/shushufindi.gob.ec\/sitio\/2025\/12\/12\/veredas-para-limoncocha\/\"},\"author\":{\"name\":\"Maria Elizabeth Chamba Loaiza\",\"@id\":\"https:\/\/shushufindi.gob.ec\/sitio\/#\/schema\/person\/1a57fc2de5e474707728cf032b0a0811\"},\"headline\":\"VEREDAS PARA LIMONCOCHA\",\"datePublished\":\"2025-12-12T16:32:55+00:00\",\"dateModified\":\"2026-01-13T20:10:40+00:00\",\"mainEntityOfPage\":{\"@id\":\"https:\/\/shushufindi.gob.ec\/sitio\/2025\/12\/12\/veredas-para-limoncocha\/\"},\"wordCount\":96,\"publisher\":{\"@id\":\"https:\/\/shushufindi.gob.ec\/sitio\/#organization\"},\"image\":{\"@id\":\"https:\/\/shushufindi.gob.ec\/sitio\/2025\/12\/12\/veredas-para-limoncocha\/#primaryimage\"},\"thumbnailUrl\":\"https:\/\/shushufindi.gob.ec\/sitio\/wp-content\/uploads\/2025\/12\/VEREDAS-LIMONCOCHA-1.jpg\",\"articleSection\":[\"NOTICIAS\"],\"inLanguage\":\"es\"},{\"@type\":\"WebPage\",\"@id\":\"https:\/\/shushufindi.gob.ec\/sitio\/2025\/12\/12\/veredas-para-limoncocha\/\",\"url\":\"https:\/\/shushufindi.gob.ec\/sitio\/2025\/12\/12\/veredas-para-limoncocha\/\",\"name\":\"VEREDAS PARA LIMONCOCHA - Municipio del Cant\u00f3n Shushufindi\",\"isPartOf\":{\"@id\":\"https:\/\/shushufindi.gob.ec\/sitio\/#website\"},\"primaryImageOfPage\":{\"@id\":\"https:\/\/shushufindi.gob.ec\/sitio\/2025\/12\/12\/veredas-para-limoncocha\/#primaryimage\"},\"image\":{\"@id\":\"https:\/\/shushufindi.gob.ec\/sitio\/2025\/12\/12\/veredas-para-limoncocha\/#primaryimage\"},\"thumbnailUrl\":\"https:\/\/shushufindi.gob.ec\/sitio\/wp-content\/uploads\/2025\/12\/VEREDAS-LIMONCOCHA-1.jpg\",\"datePublished\":\"2025-12-12T16:32:55+00:00\",\"dateModified\":\"2026-01-13T20:10:40+00:00\",\"breadcrumb\":{\"@id\":\"https:\/\/shushufindi.gob.ec\/sitio\/2025\/12\/12\/veredas-para-limoncocha\/#breadcrumb\"},\"inLanguage\":\"es\",\"potentialAction\":[{\"@type\":\"ReadAction\",\"target\":[\"https:\/\/shushufindi.gob.ec\/sitio\/2025\/12\/12\/veredas-para-limoncocha\/\"]}]},{\"@type\":\"ImageObject\",\"inLanguage\":\"es\",\"@id\":\"https:\/\/shushufindi.gob.ec\/sitio\/2025\/12\/12\/veredas-para-limoncocha\/#primaryimage\",\"url\":\"https:\/\/shushufindi.gob.ec\/sitio\/wp-content\/uploads\/2025\/12\/VEREDAS-LIMONCOCHA-1.jpg\",\"contentUrl\":\"https:\/\/shushufindi.gob.ec\/sitio\/wp-content\/uploads\/2025\/12\/VEREDAS-LIMONCOCHA-1.jpg\",\"width\":1365,\"height\":1365},{\"@type\":\"BreadcrumbList\",\"@id\":\"https:\/\/shushufindi.gob.ec\/sitio\/2025\/12\/12\/veredas-para-limoncocha\/#breadcrumb\",\"itemListElement\":[{\"@type\":\"ListItem\",\"position\":1,\"name\":\"Portada\",\"item\":\"https:\/\/shushufindi.gob.ec\/sitio\/\"},{\"@type\":\"ListItem\",\"position\":2,\"name\":\"VEREDAS PARA LIMONCOCHA\"}]},{\"@type\":\"WebSite\",\"@id\":\"https:\/\/shushufindi.gob.ec\/sitio\/#website\",\"url\":\"https:\/\/shushufindi.gob.ec\/sitio\/\",\"name\":\"Municipio del Cant\u00f3n Shushufindi\",\"description\":\"GAD Municipal\",\"publisher\":{\"@id\":\"https:\/\/shushufindi.gob.ec\/sitio\/#organization\"},\"potentialAction\":[{\"@type\":\"SearchAction\",\"target\":{\"@type\":\"EntryPoint\",\"urlTemplate\":\"https:\/\/shushufindi.gob.ec\/sitio\/?s={search_term_string}\"},\"query-input\":{\"@type\":\"PropertyValueSpecification\",\"valueRequired\":true,\"valueName\":\"search_term_string\"}}],\"inLanguage\":\"es\"},{\"@type\":\"Organization\",\"@id\":\"https:\/\/shushufindi.gob.ec\/sitio\/#organization\",\"name\":\"Municipio del Cant\u00f3n Shushufindi\",\"url\":\"https:\/\/shushufindi.gob.ec\/sitio\/\",\"logo\":{\"@type\":\"ImageObject\",\"inLanguage\":\"es\",\"@id\":\"https:\/\/shushufindi.gob.ec\/sitio\/#\/schema\/logo\/image\/\",\"url\":\"http:\/\/shushufindi.gob.ec\/sitio\/wp-content\/uploads\/2023\/10\/favicon.jpg\",\"contentUrl\":\"http:\/\/shushufindi.gob.ec\/sitio\/wp-content\/uploads\/2023\/10\/favicon.jpg\",\"width\":100,\"height\":97,\"caption\":\"Municipio del Cant\u00f3n Shushufindi\"},\"image\":{\"@id\":\"https:\/\/shushufindi.gob.ec\/sitio\/#\/schema\/logo\/image\/\"}},{\"@type\":\"Person\",\"@id\":\"https:\/\/shushufindi.gob.ec\/sitio\/#\/schema\/person\/1a57fc2de5e474707728cf032b0a0811\",\"name\":\"Maria Elizabeth Chamba Loaiza\",\"image\":{\"@type\":\"ImageObject\",\"inLanguage\":\"es\",\"@id\":\"https:\/\/shushufindi.gob.ec\/sitio\/#\/schema\/person\/image\/\",\"url\":\"https:\/\/secure.gravatar.com\/avatar\/6276ff73d081c6a82a8b7fa51fd1786fea7dcd89c9d1eec0d3ed0f634d47bffb?s=96&d=mm&r=g\",\"contentUrl\":\"https:\/\/secure.gravatar.com\/avatar\/6276ff73d081c6a82a8b7fa51fd1786fea7dcd89c9d1eec0d3ed0f634d47bffb?s=96&d=mm&r=g\",\"caption\":\"Maria Elizabeth Chamba Loaiza\"},\"sameAs\":[\"https:\/\/www.shushufindi.gob.ec\"],\"url\":\"https:\/\/shushufindi.gob.ec\/sitio\/author\/mchamba\/\"}]}<\/script>\n<!-- \/ Yoast SEO plugin. -->","yoast_head_json":{"title":"VEREDAS PARA LIMONCOCHA - Municipio del Cant\u00f3n Shushufindi","robots":{"index":"index","follow":"follow","max-snippet":"max-snippet:-1","max-image-preview":"max-image-preview:large","max-video-preview":"max-video-preview:-1"},"canonical":"https:\/\/shushufindi.gob.ec\/sitio\/2025\/12\/12\/veredas-para-limoncocha\/","og_locale":"es_ES","og_type":"article","og_title":"VEREDAS PARA LIMONCOCHA - Municipio del Cant\u00f3n Shushufindi","og_description":"Avanza la construcci\u00f3n de 300 metros lineales de veredas en Limoncocha, una obra impulsada por la Alcald\u00eda Ciudadana de Shushufindi","og_url":"https:\/\/shushufindi.gob.ec\/sitio\/2025\/12\/12\/veredas-para-limoncocha\/","og_site_name":"Municipio del Cant\u00f3n Shushufindi","article_published_time":"2025-12-12T16:32:55+00:00","article_modified_time":"2026-01-13T20:10:40+00:00","og_image":[{"width":1365,"height":1365,"url":"http:\/\/shushufindi.gob.ec\/sitio\/wp-content\/uploads\/2025\/12\/VEREDAS-LIMONCOCHA-1.jpg","type":"image\/jpeg"}],"author":"Maria Elizabeth Chamba Loaiza","twitter_card":"summary_large_image","twitter_misc":{"Escrito por":"Maria Elizabeth Chamba Loaiza","Tiempo de lectura":"1 minuto"},"schema":{"@context":"https:\/\/schema.org","@graph":[{"@type":"Article","@id":"https:\/\/shushufindi.gob.ec\/sitio\/2025\/12\/12\/veredas-para-limoncocha\/#article","isPartOf":{"@id":"https:\/\/shushufindi.gob.ec\/sitio\/2025\/12\/12\/veredas-para-limoncocha\/"},"author":{"name":"Maria Elizabeth Chamba Loaiza","@id":"https:\/\/shushufindi.gob.ec\/sitio\/#\/schema\/person\/1a57fc2de5e474707728cf032b0a0811"},"headline":"VEREDAS PARA LIMONCOCHA","datePublished":"2025-12-12T16:32:55+00:00","dateModified":"2026-01-13T20:10:40+00:00","mainEntityOfPage":{"@id":"https:\/\/shushufindi.gob.ec\/sitio\/2025\/12\/12\/veredas-para-limoncocha\/"},"wordCount":96,"publisher":{"@id":"https:\/\/shushufindi.gob.ec\/sitio\/#organization"},"image":{"@id":"https:\/\/shushufindi.gob.ec\/sitio\/2025\/12\/12\/veredas-para-limoncocha\/#primaryimage"},"thumbnailUrl":"https:\/\/shushufindi.gob.ec\/sitio\/wp-content\/uploads\/2025\/12\/VEREDAS-LIMONCOCHA-1.jpg","articleSection":["NOTICIAS"],"inLanguage":"es"},{"@type":"WebPage","@id":"https:\/\/shushufindi.gob.ec\/sitio\/2025\/12\/12\/veredas-para-limoncocha\/","url":"https:\/\/shushufindi.gob.ec\/sitio\/2025\/12\/12\/veredas-para-limoncocha\/","name":"VEREDAS PARA LIMONCOCHA - Municipio del Cant\u00f3n Shushufindi","isPartOf":{"@id":"https:\/\/shushufindi.gob.ec\/sitio\/#website"},"primaryImageOfPage":{"@id":"https:\/\/shushufindi.gob.ec\/sitio\/2025\/12\/12\/veredas-para-limoncocha\/#primaryimage"},"image":{"@id":"https:\/\/shushufindi.gob.ec\/sitio\/2025\/12\/12\/veredas-para-limoncocha\/#primaryimage"},"thumbnailUrl":"https:\/\/shushufindi.gob.ec\/sitio\/wp-content\/uploads\/2025\/12\/VEREDAS-LIMONCOCHA-1.jpg","datePublished":"2025-12-12T16:32:55+00:00","dateModified":"2026-01-13T20:10:40+00:00","breadcrumb":{"@id":"https:\/\/shushufindi.gob.ec\/sitio\/2025\/12\/12\/veredas-para-limoncocha\/#breadcrumb"},"inLanguage":"es","potentialAction":[{"@type":"ReadAction","target":["https:\/\/shushufindi.gob.ec\/sitio\/2025\/12\/12\/veredas-para-limoncocha\/"]}]},{"@type":"ImageObject","inLanguage":"es","@id":"https:\/\/shushufindi.gob.ec\/sitio\/2025\/12\/12\/veredas-para-limoncocha\/#primaryimage","url":"https:\/\/shushufindi.gob.ec\/sitio\/wp-content\/uploads\/2025\/12\/VEREDAS-LIMONCOCHA-1.jpg","contentUrl":"https:\/\/shushufindi.gob.ec\/sitio\/wp-content\/uploads\/2025\/12\/VEREDAS-LIMONCOCHA-1.jpg","width":1365,"height":1365},{"@type":"BreadcrumbList","@id":"https:\/\/shushufindi.gob.ec\/sitio\/2025\/12\/12\/veredas-para-limoncocha\/#breadcrumb","itemListElement":[{"@type":"ListItem","position":1,"name":"Portada","item":"https:\/\/shushufindi.gob.ec\/sitio\/"},{"@type":"ListItem","position":2,"name":"VEREDAS PARA LIMONCOCHA"}]},{"@type":"WebSite","@id":"https:\/\/shushufindi.gob.ec\/sitio\/#website","url":"https:\/\/shushufindi.gob.ec\/sitio\/","name":"Municipio del Cant\u00f3n Shushufindi","description":"GAD Municipal","publisher":{"@id":"https:\/\/shushufindi.gob.ec\/sitio\/#organization"},"potentialAction":[{"@type":"SearchAction","target":{"@type":"EntryPoint","urlTemplate":"https:\/\/shushufindi.gob.ec\/sitio\/?s={search_term_string}"},"query-input":{"@type":"PropertyValueSpecification","valueRequired":true,"valueName":"search_term_string"}}],"inLanguage":"es"},{"@type":"Organization","@id":"https:\/\/shushufindi.gob.ec\/sitio\/#organization","name":"Municipio del Cant\u00f3n Shushufindi","url":"https:\/\/shushufindi.gob.ec\/sitio\/","logo":{"@type":"ImageObject","inLanguage":"es","@id":"https:\/\/shushufindi.gob.ec\/sitio\/#\/schema\/logo\/image\/","url":"http:\/\/shushufindi.gob.ec\/sitio\/wp-content\/uploads\/2023\/10\/favicon.jpg","contentUrl":"http:\/\/shushufindi.gob.ec\/sitio\/wp-content\/uploads\/2023\/10\/favicon.jpg","width":100,"height":97,"caption":"Municipio del Cant\u00f3n Shushufindi"},"image":{"@id":"https:\/\/shushufindi.gob.ec\/sitio\/#\/schema\/logo\/image\/"}},{"@type":"Person","@id":"https:\/\/shushufindi.gob.ec\/sitio\/#\/schema\/person\/1a57fc2de5e474707728cf032b0a0811","name":"Maria Elizabeth Chamba Loaiza","image":{"@type":"ImageObject","inLanguage":"es","@id":"https:\/\/shushufindi.gob.ec\/sitio\/#\/schema\/person\/image\/","url":"https:\/\/secure.gravatar.com\/avatar\/6276ff73d081c6a82a8b7fa51fd1786fea7dcd89c9d1eec0d3ed0f634d47bffb?s=96&d=mm&r=g","contentUrl":"https:\/\/secure.gravatar.com\/avatar\/6276ff73d081c6a82a8b7fa51fd1786fea7dcd89c9d1eec0d3ed0f634d47bffb?s=96&d=mm&r=g","caption":"Maria Elizabeth Chamba Loaiza"},"sameAs":["https:\/\/www.shushufindi.gob.ec"],"url":"https:\/\/shushufindi.gob.ec\/sitio\/author\/mchamba\/"}]}},"jetpack_featured_media_url":"https:\/\/shushufindi.gob.ec\/sitio\/wp-content\/uploads\/2025\/12\/VEREDAS-LIMONCOCHA-1.jpg","_links":{"self":[{"href":"https:\/\/shushufindi.gob.ec\/sitio\/wp-json\/wp\/v2\/posts\/34658","targetHints":{"allow":["GET"]}}],"collection":[{"href":"https:\/\/shushufindi.gob.ec\/sitio\/wp-json\/wp\/v2\/posts"}],"about":[{"href":"https:\/\/shushufindi.gob.ec\/sitio\/wp-json\/wp\/v2\/types\/post"}],"author":[{"embeddable":true,"href":"https:\/\/shushufindi.gob.ec\/sitio\/wp-json\/wp\/v2\/users\/13"}],"replies":[{"embeddable":true,"href":"https:\/\/shushufindi.gob.ec\/sitio\/wp-json\/wp\/v2\/comments?post=34658"}],"version-history":[{"count":2,"href":"https:\/\/shushufindi.gob.ec\/sitio\/wp-json\/wp\/v2\/posts\/34658\/revisions"}],"predecessor-version":[{"id":34685,"href":"https:\/\/shushufindi.gob.ec\/sitio\/wp-json\/wp\/v2\/posts\/34658\/revisions\/34685"}],"wp:featuredmedia":[{"embeddable":true,"href":"https:\/\/shushufindi.gob.ec\/sitio\/wp-json\/wp\/v2\/media\/34686"}],"wp:attachment":[{"href":"https:\/\/shushufindi.gob.ec\/sitio\/wp-json\/wp\/v2\/media?parent=34658"}],"wp:term":[{"taxonomy":"category","embeddable":true,"href":"https:\/\/shushufindi.gob.ec\/sitio\/wp-json\/wp\/v2\/categories?post=34658"},{"taxonomy":"post_tag","embeddable":true,"href":"https:\/\/shushufindi.gob.ec\/sitio\/wp-json\/wp\/v2\/tags?post=34658"}],"curies":[{"name":"wp","href":"https:\/\/api.w.org\/{rel}","templated":true}]}}