{"id":35134,"date":"2026-02-24T16:45:18","date_gmt":"2026-02-24T16:45:18","guid":{"rendered":"https:\/\/shushufindi.gob.ec\/sitio\/?p=35134"},"modified":"2026-04-27T21:13:43","modified_gmt":"2026-04-27T21:13:43","slug":"parqueadero-en-marcha","status":"publish","type":"post","link":"https:\/\/shushufindi.gob.ec\/sitio\/2026\/02\/24\/parqueadero-en-marcha\/","title":{"rendered":"PARQUEADERO EN MARCHA"},"content":{"rendered":"<p data-start=\"31\" data-end=\"258\">La Alcald\u00eda Ciudadana de Shushufindi avanza con la construcci\u00f3n del parqueadero lateral de la Unidad Educativa Municipal San Francisco de As\u00eds, un espacio pensado para mejorar la movilidad y seguridad de la comunidad educativa.<\/p>\n<p data-start=\"260\" data-end=\"447\">Esta obra permitir\u00e1 organizar mejor el ingreso y salida de veh\u00edculos, especialmente en las horas de mayor circulaci\u00f3n, brindando m\u00e1s seguridad a estudiantes, padres de familia y docentes.<\/p>\n<p data-start=\"449\" data-end=\"681\">Como parte de esta planificaci\u00f3n vial, tambi\u00e9n se proyecta una v\u00eda alterna de 16 metros de ancho y 240 metros de longitud, que conectar\u00e1 la v\u00eda R\u00edo Doch con la v\u00eda 10 de Agosto, aportando a una circulaci\u00f3n m\u00e1s ordenada en el sector.<\/p>\n<p data-start=\"683\" data-end=\"720\" data-is-last-node=\"\" data-is-only-node=\"\">#Alcald\u00edaCiudadana<br data-start=\"701\" data-end=\"704\" \/>#ShushufindiVive<\/p>\n","protected":false},"excerpt":{"rendered":"<p>La Alcald\u00eda Ciudadana de Shushufindi avanza con la construcci\u00f3n del parqueadero lateral de la Unidad Educativa Municipal San Francisco de<\/p>\n","protected":false},"author":13,"featured_media":35144,"comment_status":"closed","ping_status":"closed","sticky":false,"template":"","format":"standard","meta":{"_monsterinsights_skip_tracking":false,"_monsterinsights_sitenote_active":false,"_monsterinsights_sitenote_note":"","_monsterinsights_sitenote_category":0,"_joinchat":[],"footnotes":""},"categories":[1],"tags":[],"class_list":["post-35134","post","type-post","status-publish","format-standard","has-post-thumbnail","hentry","category-uncategorized"],"yoast_head":"<!-- This site is optimized with the Yoast SEO plugin v25.8 - https:\/\/yoast.com\/wordpress\/plugins\/seo\/ -->\n<title>PARQUEADERO EN MARCHA - Municipio del Cant\u00f3n Shushufindi<\/title>\n<meta name=\"robots\" content=\"index, follow, max-snippet:-1, max-image-preview:large, max-video-preview:-1\" \/>\n<link rel=\"canonical\" href=\"https:\/\/shushufindi.gob.ec\/sitio\/2026\/02\/24\/parqueadero-en-marcha\/\" \/>\n<meta property=\"og:locale\" content=\"es_ES\" \/>\n<meta property=\"og:type\" content=\"article\" \/>\n<meta property=\"og:title\" content=\"PARQUEADERO EN MARCHA - Municipio del Cant\u00f3n Shushufindi\" \/>\n<meta property=\"og:description\" content=\"La Alcald\u00eda Ciudadana de Shushufindi avanza con la construcci\u00f3n del parqueadero lateral de la Unidad Educativa Municipal San Francisco de\" \/>\n<meta property=\"og:url\" content=\"https:\/\/shushufindi.gob.ec\/sitio\/2026\/02\/24\/parqueadero-en-marcha\/\" \/>\n<meta property=\"og:site_name\" content=\"Municipio del Cant\u00f3n Shushufindi\" \/>\n<meta property=\"article:published_time\" content=\"2026-02-24T16:45:18+00:00\" \/>\n<meta property=\"article:modified_time\" content=\"2026-04-27T21:13:43+00:00\" \/>\n<meta property=\"og:image\" content=\"http:\/\/shushufindi.gob.ec\/sitio\/wp-content\/uploads\/2026\/02\/PARQUEADERO.jpg\" \/>\n\t<meta property=\"og:image:width\" content=\"1025\" \/>\n\t<meta property=\"og:image:height\" content=\"1025\" \/>\n\t<meta property=\"og:image:type\" content=\"image\/jpeg\" \/>\n<meta name=\"author\" content=\"Maria Elizabeth Chamba Loaiza\" \/>\n<meta name=\"twitter:card\" content=\"summary_large_image\" \/>\n<meta name=\"twitter:label1\" content=\"Escrito por\" \/>\n\t<meta name=\"twitter:data1\" content=\"Maria Elizabeth Chamba Loaiza\" \/>\n\t<meta name=\"twitter:label2\" content=\"Tiempo de lectura\" \/>\n\t<meta name=\"twitter:data2\" content=\"1 minuto\" \/>\n<script type=\"application\/ld+json\" class=\"yoast-schema-graph\">{\"@context\":\"https:\/\/schema.org\",\"@graph\":[{\"@type\":\"Article\",\"@id\":\"https:\/\/shushufindi.gob.ec\/sitio\/2026\/02\/24\/parqueadero-en-marcha\/#article\",\"isPartOf\":{\"@id\":\"https:\/\/shushufindi.gob.ec\/sitio\/2026\/02\/24\/parqueadero-en-marcha\/\"},\"author\":{\"name\":\"Maria Elizabeth Chamba Loaiza\",\"@id\":\"https:\/\/shushufindi.gob.ec\/sitio\/#\/schema\/person\/1a57fc2de5e474707728cf032b0a0811\"},\"headline\":\"PARQUEADERO EN MARCHA\",\"datePublished\":\"2026-02-24T16:45:18+00:00\",\"dateModified\":\"2026-04-27T21:13:43+00:00\",\"mainEntityOfPage\":{\"@id\":\"https:\/\/shushufindi.gob.ec\/sitio\/2026\/02\/24\/parqueadero-en-marcha\/\"},\"wordCount\":122,\"publisher\":{\"@id\":\"https:\/\/shushufindi.gob.ec\/sitio\/#organization\"},\"image\":{\"@id\":\"https:\/\/shushufindi.gob.ec\/sitio\/2026\/02\/24\/parqueadero-en-marcha\/#primaryimage\"},\"thumbnailUrl\":\"https:\/\/shushufindi.gob.ec\/sitio\/wp-content\/uploads\/2026\/02\/PARQUEADERO.jpg\",\"articleSection\":[\"Uncategorized\"],\"inLanguage\":\"es\"},{\"@type\":\"WebPage\",\"@id\":\"https:\/\/shushufindi.gob.ec\/sitio\/2026\/02\/24\/parqueadero-en-marcha\/\",\"url\":\"https:\/\/shushufindi.gob.ec\/sitio\/2026\/02\/24\/parqueadero-en-marcha\/\",\"name\":\"PARQUEADERO EN MARCHA - Municipio del Cant\u00f3n Shushufindi\",\"isPartOf\":{\"@id\":\"https:\/\/shushufindi.gob.ec\/sitio\/#website\"},\"primaryImageOfPage\":{\"@id\":\"https:\/\/shushufindi.gob.ec\/sitio\/2026\/02\/24\/parqueadero-en-marcha\/#primaryimage\"},\"image\":{\"@id\":\"https:\/\/shushufindi.gob.ec\/sitio\/2026\/02\/24\/parqueadero-en-marcha\/#primaryimage\"},\"thumbnailUrl\":\"https:\/\/shushufindi.gob.ec\/sitio\/wp-content\/uploads\/2026\/02\/PARQUEADERO.jpg\",\"datePublished\":\"2026-02-24T16:45:18+00:00\",\"dateModified\":\"2026-04-27T21:13:43+00:00\",\"breadcrumb\":{\"@id\":\"https:\/\/shushufindi.gob.ec\/sitio\/2026\/02\/24\/parqueadero-en-marcha\/#breadcrumb\"},\"inLanguage\":\"es\",\"potentialAction\":[{\"@type\":\"ReadAction\",\"target\":[\"https:\/\/shushufindi.gob.ec\/sitio\/2026\/02\/24\/parqueadero-en-marcha\/\"]}]},{\"@type\":\"ImageObject\",\"inLanguage\":\"es\",\"@id\":\"https:\/\/shushufindi.gob.ec\/sitio\/2026\/02\/24\/parqueadero-en-marcha\/#primaryimage\",\"url\":\"https:\/\/shushufindi.gob.ec\/sitio\/wp-content\/uploads\/2026\/02\/PARQUEADERO.jpg\",\"contentUrl\":\"https:\/\/shushufindi.gob.ec\/sitio\/wp-content\/uploads\/2026\/02\/PARQUEADERO.jpg\",\"width\":1025,\"height\":1025},{\"@type\":\"BreadcrumbList\",\"@id\":\"https:\/\/shushufindi.gob.ec\/sitio\/2026\/02\/24\/parqueadero-en-marcha\/#breadcrumb\",\"itemListElement\":[{\"@type\":\"ListItem\",\"position\":1,\"name\":\"Portada\",\"item\":\"https:\/\/shushufindi.gob.ec\/sitio\/\"},{\"@type\":\"ListItem\",\"position\":2,\"name\":\"PARQUEADERO EN MARCHA\"}]},{\"@type\":\"WebSite\",\"@id\":\"https:\/\/shushufindi.gob.ec\/sitio\/#website\",\"url\":\"https:\/\/shushufindi.gob.ec\/sitio\/\",\"name\":\"Municipio del Cant\u00f3n Shushufindi\",\"description\":\"GAD Municipal\",\"publisher\":{\"@id\":\"https:\/\/shushufindi.gob.ec\/sitio\/#organization\"},\"potentialAction\":[{\"@type\":\"SearchAction\",\"target\":{\"@type\":\"EntryPoint\",\"urlTemplate\":\"https:\/\/shushufindi.gob.ec\/sitio\/?s={search_term_string}\"},\"query-input\":{\"@type\":\"PropertyValueSpecification\",\"valueRequired\":true,\"valueName\":\"search_term_string\"}}],\"inLanguage\":\"es\"},{\"@type\":\"Organization\",\"@id\":\"https:\/\/shushufindi.gob.ec\/sitio\/#organization\",\"name\":\"Municipio del Cant\u00f3n Shushufindi\",\"url\":\"https:\/\/shushufindi.gob.ec\/sitio\/\",\"logo\":{\"@type\":\"ImageObject\",\"inLanguage\":\"es\",\"@id\":\"https:\/\/shushufindi.gob.ec\/sitio\/#\/schema\/logo\/image\/\",\"url\":\"http:\/\/shushufindi.gob.ec\/sitio\/wp-content\/uploads\/2023\/10\/favicon.jpg\",\"contentUrl\":\"http:\/\/shushufindi.gob.ec\/sitio\/wp-content\/uploads\/2023\/10\/favicon.jpg\",\"width\":100,\"height\":97,\"caption\":\"Municipio del Cant\u00f3n Shushufindi\"},\"image\":{\"@id\":\"https:\/\/shushufindi.gob.ec\/sitio\/#\/schema\/logo\/image\/\"}},{\"@type\":\"Person\",\"@id\":\"https:\/\/shushufindi.gob.ec\/sitio\/#\/schema\/person\/1a57fc2de5e474707728cf032b0a0811\",\"name\":\"Maria Elizabeth Chamba Loaiza\",\"image\":{\"@type\":\"ImageObject\",\"inLanguage\":\"es\",\"@id\":\"https:\/\/shushufindi.gob.ec\/sitio\/#\/schema\/person\/image\/\",\"url\":\"https:\/\/secure.gravatar.com\/avatar\/6276ff73d081c6a82a8b7fa51fd1786fea7dcd89c9d1eec0d3ed0f634d47bffb?s=96&d=mm&r=g\",\"contentUrl\":\"https:\/\/secure.gravatar.com\/avatar\/6276ff73d081c6a82a8b7fa51fd1786fea7dcd89c9d1eec0d3ed0f634d47bffb?s=96&d=mm&r=g\",\"caption\":\"Maria Elizabeth Chamba Loaiza\"},\"sameAs\":[\"https:\/\/www.shushufindi.gob.ec\"],\"url\":\"https:\/\/shushufindi.gob.ec\/sitio\/author\/mchamba\/\"}]}<\/script>\n<!-- \/ Yoast SEO plugin. -->","yoast_head_json":{"title":"PARQUEADERO EN MARCHA - Municipio del Cant\u00f3n Shushufindi","robots":{"index":"index","follow":"follow","max-snippet":"max-snippet:-1","max-image-preview":"max-image-preview:large","max-video-preview":"max-video-preview:-1"},"canonical":"https:\/\/shushufindi.gob.ec\/sitio\/2026\/02\/24\/parqueadero-en-marcha\/","og_locale":"es_ES","og_type":"article","og_title":"PARQUEADERO EN MARCHA - Municipio del Cant\u00f3n Shushufindi","og_description":"La Alcald\u00eda Ciudadana de Shushufindi avanza con la construcci\u00f3n del parqueadero lateral de la Unidad Educativa Municipal San Francisco de","og_url":"https:\/\/shushufindi.gob.ec\/sitio\/2026\/02\/24\/parqueadero-en-marcha\/","og_site_name":"Municipio del Cant\u00f3n Shushufindi","article_published_time":"2026-02-24T16:45:18+00:00","article_modified_time":"2026-04-27T21:13:43+00:00","og_image":[{"width":1025,"height":1025,"url":"http:\/\/shushufindi.gob.ec\/sitio\/wp-content\/uploads\/2026\/02\/PARQUEADERO.jpg","type":"image\/jpeg"}],"author":"Maria Elizabeth Chamba Loaiza","twitter_card":"summary_large_image","twitter_misc":{"Escrito por":"Maria Elizabeth Chamba Loaiza","Tiempo de lectura":"1 minuto"},"schema":{"@context":"https:\/\/schema.org","@graph":[{"@type":"Article","@id":"https:\/\/shushufindi.gob.ec\/sitio\/2026\/02\/24\/parqueadero-en-marcha\/#article","isPartOf":{"@id":"https:\/\/shushufindi.gob.ec\/sitio\/2026\/02\/24\/parqueadero-en-marcha\/"},"author":{"name":"Maria Elizabeth Chamba Loaiza","@id":"https:\/\/shushufindi.gob.ec\/sitio\/#\/schema\/person\/1a57fc2de5e474707728cf032b0a0811"},"headline":"PARQUEADERO EN MARCHA","datePublished":"2026-02-24T16:45:18+00:00","dateModified":"2026-04-27T21:13:43+00:00","mainEntityOfPage":{"@id":"https:\/\/shushufindi.gob.ec\/sitio\/2026\/02\/24\/parqueadero-en-marcha\/"},"wordCount":122,"publisher":{"@id":"https:\/\/shushufindi.gob.ec\/sitio\/#organization"},"image":{"@id":"https:\/\/shushufindi.gob.ec\/sitio\/2026\/02\/24\/parqueadero-en-marcha\/#primaryimage"},"thumbnailUrl":"https:\/\/shushufindi.gob.ec\/sitio\/wp-content\/uploads\/2026\/02\/PARQUEADERO.jpg","articleSection":["Uncategorized"],"inLanguage":"es"},{"@type":"WebPage","@id":"https:\/\/shushufindi.gob.ec\/sitio\/2026\/02\/24\/parqueadero-en-marcha\/","url":"https:\/\/shushufindi.gob.ec\/sitio\/2026\/02\/24\/parqueadero-en-marcha\/","name":"PARQUEADERO EN MARCHA - Municipio del Cant\u00f3n Shushufindi","isPartOf":{"@id":"https:\/\/shushufindi.gob.ec\/sitio\/#website"},"primaryImageOfPage":{"@id":"https:\/\/shushufindi.gob.ec\/sitio\/2026\/02\/24\/parqueadero-en-marcha\/#primaryimage"},"image":{"@id":"https:\/\/shushufindi.gob.ec\/sitio\/2026\/02\/24\/parqueadero-en-marcha\/#primaryimage"},"thumbnailUrl":"https:\/\/shushufindi.gob.ec\/sitio\/wp-content\/uploads\/2026\/02\/PARQUEADERO.jpg","datePublished":"2026-02-24T16:45:18+00:00","dateModified":"2026-04-27T21:13:43+00:00","breadcrumb":{"@id":"https:\/\/shushufindi.gob.ec\/sitio\/2026\/02\/24\/parqueadero-en-marcha\/#breadcrumb"},"inLanguage":"es","potentialAction":[{"@type":"ReadAction","target":["https:\/\/shushufindi.gob.ec\/sitio\/2026\/02\/24\/parqueadero-en-marcha\/"]}]},{"@type":"ImageObject","inLanguage":"es","@id":"https:\/\/shushufindi.gob.ec\/sitio\/2026\/02\/24\/parqueadero-en-marcha\/#primaryimage","url":"https:\/\/shushufindi.gob.ec\/sitio\/wp-content\/uploads\/2026\/02\/PARQUEADERO.jpg","contentUrl":"https:\/\/shushufindi.gob.ec\/sitio\/wp-content\/uploads\/2026\/02\/PARQUEADERO.jpg","width":1025,"height":1025},{"@type":"BreadcrumbList","@id":"https:\/\/shushufindi.gob.ec\/sitio\/2026\/02\/24\/parqueadero-en-marcha\/#breadcrumb","itemListElement":[{"@type":"ListItem","position":1,"name":"Portada","item":"https:\/\/shushufindi.gob.ec\/sitio\/"},{"@type":"ListItem","position":2,"name":"PARQUEADERO EN MARCHA"}]},{"@type":"WebSite","@id":"https:\/\/shushufindi.gob.ec\/sitio\/#website","url":"https:\/\/shushufindi.gob.ec\/sitio\/","name":"Municipio del Cant\u00f3n Shushufindi","description":"GAD Municipal","publisher":{"@id":"https:\/\/shushufindi.gob.ec\/sitio\/#organization"},"potentialAction":[{"@type":"SearchAction","target":{"@type":"EntryPoint","urlTemplate":"https:\/\/shushufindi.gob.ec\/sitio\/?s={search_term_string}"},"query-input":{"@type":"PropertyValueSpecification","valueRequired":true,"valueName":"search_term_string"}}],"inLanguage":"es"},{"@type":"Organization","@id":"https:\/\/shushufindi.gob.ec\/sitio\/#organization","name":"Municipio del Cant\u00f3n Shushufindi","url":"https:\/\/shushufindi.gob.ec\/sitio\/","logo":{"@type":"ImageObject","inLanguage":"es","@id":"https:\/\/shushufindi.gob.ec\/sitio\/#\/schema\/logo\/image\/","url":"http:\/\/shushufindi.gob.ec\/sitio\/wp-content\/uploads\/2023\/10\/favicon.jpg","contentUrl":"http:\/\/shushufindi.gob.ec\/sitio\/wp-content\/uploads\/2023\/10\/favicon.jpg","width":100,"height":97,"caption":"Municipio del Cant\u00f3n Shushufindi"},"image":{"@id":"https:\/\/shushufindi.gob.ec\/sitio\/#\/schema\/logo\/image\/"}},{"@type":"Person","@id":"https:\/\/shushufindi.gob.ec\/sitio\/#\/schema\/person\/1a57fc2de5e474707728cf032b0a0811","name":"Maria Elizabeth Chamba Loaiza","image":{"@type":"ImageObject","inLanguage":"es","@id":"https:\/\/shushufindi.gob.ec\/sitio\/#\/schema\/person\/image\/","url":"https:\/\/secure.gravatar.com\/avatar\/6276ff73d081c6a82a8b7fa51fd1786fea7dcd89c9d1eec0d3ed0f634d47bffb?s=96&d=mm&r=g","contentUrl":"https:\/\/secure.gravatar.com\/avatar\/6276ff73d081c6a82a8b7fa51fd1786fea7dcd89c9d1eec0d3ed0f634d47bffb?s=96&d=mm&r=g","caption":"Maria Elizabeth Chamba Loaiza"},"sameAs":["https:\/\/www.shushufindi.gob.ec"],"url":"https:\/\/shushufindi.gob.ec\/sitio\/author\/mchamba\/"}]}},"jetpack_featured_media_url":"https:\/\/shushufindi.gob.ec\/sitio\/wp-content\/uploads\/2026\/02\/PARQUEADERO.jpg","_links":{"self":[{"href":"https:\/\/shushufindi.gob.ec\/sitio\/wp-json\/wp\/v2\/posts\/35134","targetHints":{"allow":["GET"]}}],"collection":[{"href":"https:\/\/shushufindi.gob.ec\/sitio\/wp-json\/wp\/v2\/posts"}],"about":[{"href":"https:\/\/shushufindi.gob.ec\/sitio\/wp-json\/wp\/v2\/types\/post"}],"author":[{"embeddable":true,"href":"https:\/\/shushufindi.gob.ec\/sitio\/wp-json\/wp\/v2\/users\/13"}],"replies":[{"embeddable":true,"href":"https:\/\/shushufindi.gob.ec\/sitio\/wp-json\/wp\/v2\/comments?post=35134"}],"version-history":[{"count":1,"href":"https:\/\/shushufindi.gob.ec\/sitio\/wp-json\/wp\/v2\/posts\/35134\/revisions"}],"predecessor-version":[{"id":35135,"href":"https:\/\/shushufindi.gob.ec\/sitio\/wp-json\/wp\/v2\/posts\/35134\/revisions\/35135"}],"wp:featuredmedia":[{"embeddable":true,"href":"https:\/\/shushufindi.gob.ec\/sitio\/wp-json\/wp\/v2\/media\/35144"}],"wp:attachment":[{"href":"https:\/\/shushufindi.gob.ec\/sitio\/wp-json\/wp\/v2\/media?parent=35134"}],"wp:term":[{"taxonomy":"category","embeddable":true,"href":"https:\/\/shushufindi.gob.ec\/sitio\/wp-json\/wp\/v2\/categories?post=35134"},{"taxonomy":"post_tag","embeddable":true,"href":"https:\/\/shushufindi.gob.ec\/sitio\/wp-json\/wp\/v2\/tags?post=35134"}],"curies":[{"name":"wp","href":"https:\/\/api.w.org\/{rel}","templated":true}]}}